{"id":3106,"date":"2026-03-20T14:05:04","date_gmt":"2026-03-20T13:05:04","guid":{"rendered":"https:\/\/www.interpadelmedia.com\/?p=3106"},"modified":"2026-03-20T14:07:54","modified_gmt":"2026-03-20T13:07:54","slug":"valladolid-celebrates-20-years-of-professional-padel","status":"publish","type":"post","link":"https:\/\/www.interpadelmedia.com\/en\/valladolid-celebrates-20-years-of-professional-padel\/","title":{"rendered":"Valladolid celebrates 20 years of professional padel"},"content":{"rendered":"\n<p class=\"has-medium-font-size\">The Mayor of the city, <strong>Jes\u00fas Julio Carnero<\/strong>, officially presented the tournament, which will once again turn <strong>Plaza Mayor<\/strong> into the Monaco Grand Prix of world padel from June 21 to 28.<\/p>\n\n\n\n<p class=\"has-medium-font-size\">The <strong>Recoletos area<\/strong> will expand its capacity to more than 1,200 seats and will feature <br>an additional court.<\/p>\n\n\n\n<p>Valladolid, March 20, 2026 \u2013 The <strong>Oysho Valladolid Premier Padel P2<\/strong> has officially presented its 2026 edition and launched season ticket sales for one of the most iconic events on the international calendar.<\/p>\n\n\n\n<p>From June 21 to 28, Valladolid will once again become the center of the world\u2019s best padel with a unique tournament model that integrates sport, city, and spectacle in the heart of the urban landscape, transforming <strong>Plaza Mayor, Santiago, and Recoletos<\/strong> into the epicenter of global padel.<\/p>\n\n\n\n<p>Season tickets are already available across clubs in the city and northern Spain, with a 20% discount valid until April 5.<\/p>\n\n\n\n<p>The presentation took place at Valladolid City Hall with key figures including regional and national sports authorities, federation presidents, organizers, and <strong>Carolina Navarro<\/strong>, a legend of the sport and ambassador of the official brand <strong>JOMA<\/strong>.<\/p>\n\n\n\n<p>Mayor Carnero highlighted the uniqueness of the event as the only tournament played in a city\u2019s main square, comparing it to <strong>Monaco in Formula 1<\/strong>, and noted an economic impact of over \u20ac10.5 million.<\/p>\n\n\n\n<p>The tournament will be broadcast in more than 120 countries, reaching over 19 million viewers, with more than 50% of attendees coming from outside the city.<\/p>\n\n\n\n<p>The 2026 edition will once again gather the world\u2019s best players, including <strong>Arturo Coello<\/strong> and <strong>Agust\u00edn Tapia<\/strong> in the men\u2019s draw, and <strong>Gemma Triay<\/strong> and <strong>Delfina Brea<\/strong> leading the women\u2019s competition.<\/p>\n\n\n\n<p>This year also marks a historic milestone: <strong>20 years of professional padel in Valladolid<\/strong>, consolidating the city as a unique and iconic stop on the global circuit.<\/p>\n\n\n\n<p>In terms of infrastructure, the event will feature four official courts, including the central court in Plaza Mayor and three additional courts in Recoletos, increasing accessibility and fan engagement.<\/p>\n\n\n\n<p>The tournament remains unique worldwide as the only one played in a main city square, combining sport, tourism, and entertainment, and reaching audiences in over 130 countries.<\/p>\n\n\n\n<p>Ticket sales began on March 20, with special perks including discounts, guaranteed seating, and exclusive prize draws, including a signed jersey by world number one <strong>Arturo Coello<\/strong>.<\/p>\n\n\n\n<p>Valladolid now begins the countdown to one of the most symbolic editions in its sporting history.<\/p>\n","protected":false},"excerpt":{"rendered":"<p>Valladolid celebrates 20 years of professional padel with a unique Premier Padel P2 event in Plaza Mayor, featuring the world\u2019s top players.<\/p>\n","protected":false},"author":2,"featured_media":3105,"comment_status":"closed","ping_status":"closed","sticky":false,"template":"","format":"standard","meta":{"footnotes":""},"categories":[1],"tags":[],"class_list":["post-3106","post","type-post","status-publish","format-standard","has-post-thumbnail","hentry","category-news"],"yoast_head":"<!-- This site is optimized with the Yoast SEO plugin v26.5 - https:\/\/yoast.com\/wordpress\/plugins\/seo\/ -->\n<title>Valladolid marks 20 years of professional padel with Oysho Premier Padel P2 2026<\/title>\n<meta name=\"description\" content=\"Valladolid celebrates 20 years of professional padel with the Oysho Premier Padel P2 2026, a unique event held in its iconic Plaza Mayor.\" \/>\n<meta name=\"robots\" content=\"index, follow, max-snippet:-1, max-image-preview:large, max-video-preview:-1\" \/>\n<link rel=\"canonical\" href=\"https:\/\/www.interpadelmedia.com\/en\/valladolid-celebrates-20-years-of-professional-padel\/\" \/>\n<meta property=\"og:locale\" content=\"en_US\" \/>\n<meta property=\"og:type\" content=\"article\" \/>\n<meta property=\"og:title\" content=\"Valladolid celebrates 20 years as a global padel capital with Premier Padel P2\" \/>\n<meta property=\"og:description\" content=\"The iconic Plaza Mayor once again becomes the \u201cMonaco of padel\u201d in a historic edition celebrating 20 years at the top of professional padel.\" \/>\n<meta property=\"og:url\" content=\"https:\/\/www.interpadelmedia.com\/en\/valladolid-celebrates-20-years-of-professional-padel\/\" \/>\n<meta property=\"og:site_name\" content=\"International Padel Media Association (IPMA)\" \/>\n<meta property=\"article:publisher\" content=\"https:\/\/www.facebook.com\/profile.php?id=61564675752871\" \/>\n<meta property=\"article:published_time\" content=\"2026-03-20T13:05:04+00:00\" \/>\n<meta property=\"article:modified_time\" content=\"2026-03-20T13:07:54+00:00\" \/>\n<meta property=\"og:image\" content=\"https:\/\/www.interpadelmedia.com\/wp-content\/uploads\/2026\/03\/Valladolid-Premier-Padel-4-web-1024x683.png\" \/>\n\t<meta property=\"og:image:width\" content=\"1024\" \/>\n\t<meta property=\"og:image:height\" content=\"683\" \/>\n\t<meta property=\"og:image:type\" content=\"image\/png\" \/>\n<meta name=\"author\" content=\"Iv\u00e1n Hern\u00e1ndez\" \/>\n<meta name=\"twitter:card\" content=\"summary_large_image\" \/>\n<meta name=\"twitter:title\" content=\"Valladolid celebrates 20 years as a global padel capital with Premier Padel P2\" \/>\n<meta name=\"twitter:description\" content=\"The iconic Plaza Mayor once again becomes the \u201cMonaco of padel\u201d in a historic edition celebrating 20 years at the top of professional padel.\" \/>\n<meta name=\"twitter:image\" content=\"https:\/\/www.interpadelmedia.com\/wp-content\/uploads\/2026\/03\/Valladolid-Premier-Padel-4-web.png\" \/>\n<meta name=\"twitter:creator\" content=\"@InterPadelMedia\" \/>\n<meta name=\"twitter:site\" content=\"@InterPadelMedia\" \/>\n<meta name=\"twitter:label1\" content=\"Written by\" \/>\n\t<meta name=\"twitter:data1\" content=\"Iv\u00e1n Hern\u00e1ndez\" \/>\n\t<meta name=\"twitter:label2\" content=\"Est. reading time\" \/>\n\t<meta name=\"twitter:data2\" content=\"3 minutes\" \/>\n<script type=\"application\/ld+json\" class=\"yoast-schema-graph\">{\"@context\":\"https:\/\/schema.org\",\"@graph\":[{\"@type\":\"Article\",\"@id\":\"https:\/\/www.interpadelmedia.com\/en\/valladolid-celebrates-20-years-of-professional-padel\/#article\",\"isPartOf\":{\"@id\":\"https:\/\/www.interpadelmedia.com\/en\/valladolid-celebrates-20-years-of-professional-padel\/\"},\"author\":{\"name\":\"Iv\u00e1n Hern\u00e1ndez\",\"@id\":\"https:\/\/www.interpadelmedia.com\/en\/#\/schema\/person\/502cbc75e2b9e89f3d1a72ff9d25b780\"},\"headline\":\"Valladolid celebrates 20 years of professional padel\",\"datePublished\":\"2026-03-20T13:05:04+00:00\",\"dateModified\":\"2026-03-20T13:07:54+00:00\",\"mainEntityOfPage\":{\"@id\":\"https:\/\/www.interpadelmedia.com\/en\/valladolid-celebrates-20-years-of-professional-padel\/\"},\"wordCount\":396,\"publisher\":{\"@id\":\"https:\/\/www.interpadelmedia.com\/en\/#organization\"},\"image\":{\"@id\":\"https:\/\/www.interpadelmedia.com\/en\/valladolid-celebrates-20-years-of-professional-padel\/#primaryimage\"},\"thumbnailUrl\":\"https:\/\/www.interpadelmedia.com\/wp-content\/uploads\/2026\/03\/Valladolid-Premier-Padel-4-web.png\",\"articleSection\":[\"News\"],\"inLanguage\":\"en-US\"},{\"@type\":\"WebPage\",\"@id\":\"https:\/\/www.interpadelmedia.com\/en\/valladolid-celebrates-20-years-of-professional-padel\/\",\"url\":\"https:\/\/www.interpadelmedia.com\/en\/valladolid-celebrates-20-years-of-professional-padel\/\",\"name\":\"Valladolid marks 20 years of professional padel with Oysho Premier Padel P2 2026\",\"isPartOf\":{\"@id\":\"https:\/\/www.interpadelmedia.com\/en\/#website\"},\"primaryImageOfPage\":{\"@id\":\"https:\/\/www.interpadelmedia.com\/en\/valladolid-celebrates-20-years-of-professional-padel\/#primaryimage\"},\"image\":{\"@id\":\"https:\/\/www.interpadelmedia.com\/en\/valladolid-celebrates-20-years-of-professional-padel\/#primaryimage\"},\"thumbnailUrl\":\"https:\/\/www.interpadelmedia.com\/wp-content\/uploads\/2026\/03\/Valladolid-Premier-Padel-4-web.png\",\"datePublished\":\"2026-03-20T13:05:04+00:00\",\"dateModified\":\"2026-03-20T13:07:54+00:00\",\"description\":\"Valladolid celebrates 20 years of professional padel with the Oysho Premier Padel P2 2026, a unique event held in its iconic Plaza Mayor.\",\"breadcrumb\":{\"@id\":\"https:\/\/www.interpadelmedia.com\/en\/valladolid-celebrates-20-years-of-professional-padel\/#breadcrumb\"},\"inLanguage\":\"en-US\",\"potentialAction\":[{\"@type\":\"ReadAction\",\"target\":[\"https:\/\/www.interpadelmedia.com\/en\/valladolid-celebrates-20-years-of-professional-padel\/\"]}]},{\"@type\":\"ImageObject\",\"inLanguage\":\"en-US\",\"@id\":\"https:\/\/www.interpadelmedia.com\/en\/valladolid-celebrates-20-years-of-professional-padel\/#primaryimage\",\"url\":\"https:\/\/www.interpadelmedia.com\/wp-content\/uploads\/2026\/03\/Valladolid-Premier-Padel-4-web.png\",\"contentUrl\":\"https:\/\/www.interpadelmedia.com\/wp-content\/uploads\/2026\/03\/Valladolid-Premier-Padel-4-web.png\",\"width\":1500,\"height\":1000},{\"@type\":\"BreadcrumbList\",\"@id\":\"https:\/\/www.interpadelmedia.com\/en\/valladolid-celebrates-20-years-of-professional-padel\/#breadcrumb\",\"itemListElement\":[{\"@type\":\"ListItem\",\"position\":1,\"name\":\"Portada\",\"item\":\"https:\/\/www.interpadelmedia.com\/en\/\"},{\"@type\":\"ListItem\",\"position\":2,\"name\":\"Valladolid celebrates 20 years of professional padel\"}]},{\"@type\":\"WebSite\",\"@id\":\"https:\/\/www.interpadelmedia.com\/en\/#website\",\"url\":\"https:\/\/www.interpadelmedia.com\/en\/\",\"name\":\"Asociaci\u00f3n Internacional de Medios de P\u00e1del\",\"description\":\"El p\u00e1del une\",\"publisher\":{\"@id\":\"https:\/\/www.interpadelmedia.com\/en\/#organization\"},\"alternateName\":\"International Padel Media Association\",\"potentialAction\":[{\"@type\":\"SearchAction\",\"target\":{\"@type\":\"EntryPoint\",\"urlTemplate\":\"https:\/\/www.interpadelmedia.com\/en\/?s={search_term_string}\"},\"query-input\":{\"@type\":\"PropertyValueSpecification\",\"valueRequired\":true,\"valueName\":\"search_term_string\"}}],\"inLanguage\":\"en-US\"},{\"@type\":\"Organization\",\"@id\":\"https:\/\/www.interpadelmedia.com\/en\/#organization\",\"name\":\"Asociaci\u00f3n Internacional de Medios de P\u00e1del\",\"alternateName\":\"International Padel Media Association\",\"url\":\"https:\/\/www.interpadelmedia.com\/en\/\",\"logo\":{\"@type\":\"ImageObject\",\"inLanguage\":\"en-US\",\"@id\":\"https:\/\/www.interpadelmedia.com\/en\/#\/schema\/logo\/image\/\",\"url\":\"https:\/\/www.interpadelmedia.com\/wp-content\/uploads\/2025\/06\/Logo_verde_1_1.png\",\"contentUrl\":\"https:\/\/www.interpadelmedia.com\/wp-content\/uploads\/2025\/06\/Logo_verde_1_1.png\",\"width\":250,\"height\":250,\"caption\":\"Asociaci\u00f3n Internacional de Medios de P\u00e1del\"},\"image\":{\"@id\":\"https:\/\/www.interpadelmedia.com\/en\/#\/schema\/logo\/image\/\"},\"sameAs\":[\"https:\/\/www.facebook.com\/profile.php?id=61564675752871\",\"https:\/\/x.com\/InterPadelMedia\",\"https:\/\/www.instagram.com\/interpadelmedia\/\",\"https:\/\/www.linkedin.com\/company\/asociacion-internacional-de-medios-de-padel\/posts\/?feedView=all\"]},{\"@type\":\"Person\",\"@id\":\"https:\/\/www.interpadelmedia.com\/en\/#\/schema\/person\/502cbc75e2b9e89f3d1a72ff9d25b780\",\"name\":\"Iv\u00e1n Hern\u00e1ndez\",\"image\":{\"@type\":\"ImageObject\",\"inLanguage\":\"en-US\",\"@id\":\"https:\/\/www.interpadelmedia.com\/en\/#\/schema\/person\/image\/\",\"url\":\"https:\/\/secure.gravatar.com\/avatar\/6174e34f1a6d0d33c4e5ce65a3012cf6322775297114f2d698da6b4576af20bd?s=96&d=mm&r=g\",\"contentUrl\":\"https:\/\/secure.gravatar.com\/avatar\/6174e34f1a6d0d33c4e5ce65a3012cf6322775297114f2d698da6b4576af20bd?s=96&d=mm&r=g\",\"caption\":\"Iv\u00e1n Hern\u00e1ndez\"}}]}<\/script>\n<!-- \/ Yoast SEO plugin. -->","yoast_head_json":{"title":"Valladolid marks 20 years of professional padel with Oysho Premier Padel P2 2026","description":"Valladolid celebrates 20 years of professional padel with the Oysho Premier Padel P2 2026, a unique event held in its iconic Plaza Mayor.","robots":{"index":"index","follow":"follow","max-snippet":"max-snippet:-1","max-image-preview":"max-image-preview:large","max-video-preview":"max-video-preview:-1"},"canonical":"https:\/\/www.interpadelmedia.com\/en\/valladolid-celebrates-20-years-of-professional-padel\/","og_locale":"en_US","og_type":"article","og_title":"Valladolid celebrates 20 years as a global padel capital with Premier Padel P2","og_description":"The iconic Plaza Mayor once again becomes the \u201cMonaco of padel\u201d in a historic edition celebrating 20 years at the top of professional padel.","og_url":"https:\/\/www.interpadelmedia.com\/en\/valladolid-celebrates-20-years-of-professional-padel\/","og_site_name":"International Padel Media Association (IPMA)","article_publisher":"https:\/\/www.facebook.com\/profile.php?id=61564675752871","article_published_time":"2026-03-20T13:05:04+00:00","article_modified_time":"2026-03-20T13:07:54+00:00","og_image":[{"width":1024,"height":683,"url":"https:\/\/www.interpadelmedia.com\/wp-content\/uploads\/2026\/03\/Valladolid-Premier-Padel-4-web-1024x683.png","type":"image\/png"}],"author":"Iv\u00e1n Hern\u00e1ndez","twitter_card":"summary_large_image","twitter_title":"Valladolid celebrates 20 years as a global padel capital with Premier Padel P2","twitter_description":"The iconic Plaza Mayor once again becomes the \u201cMonaco of padel\u201d in a historic edition celebrating 20 years at the top of professional padel.","twitter_image":"https:\/\/www.interpadelmedia.com\/wp-content\/uploads\/2026\/03\/Valladolid-Premier-Padel-4-web.png","twitter_creator":"@InterPadelMedia","twitter_site":"@InterPadelMedia","twitter_misc":{"Written by":"Iv\u00e1n Hern\u00e1ndez","Est. reading time":"3 minutes"},"schema":{"@context":"https:\/\/schema.org","@graph":[{"@type":"Article","@id":"https:\/\/www.interpadelmedia.com\/en\/valladolid-celebrates-20-years-of-professional-padel\/#article","isPartOf":{"@id":"https:\/\/www.interpadelmedia.com\/en\/valladolid-celebrates-20-years-of-professional-padel\/"},"author":{"name":"Iv\u00e1n Hern\u00e1ndez","@id":"https:\/\/www.interpadelmedia.com\/en\/#\/schema\/person\/502cbc75e2b9e89f3d1a72ff9d25b780"},"headline":"Valladolid celebrates 20 years of professional padel","datePublished":"2026-03-20T13:05:04+00:00","dateModified":"2026-03-20T13:07:54+00:00","mainEntityOfPage":{"@id":"https:\/\/www.interpadelmedia.com\/en\/valladolid-celebrates-20-years-of-professional-padel\/"},"wordCount":396,"publisher":{"@id":"https:\/\/www.interpadelmedia.com\/en\/#organization"},"image":{"@id":"https:\/\/www.interpadelmedia.com\/en\/valladolid-celebrates-20-years-of-professional-padel\/#primaryimage"},"thumbnailUrl":"https:\/\/www.interpadelmedia.com\/wp-content\/uploads\/2026\/03\/Valladolid-Premier-Padel-4-web.png","articleSection":["News"],"inLanguage":"en-US"},{"@type":"WebPage","@id":"https:\/\/www.interpadelmedia.com\/en\/valladolid-celebrates-20-years-of-professional-padel\/","url":"https:\/\/www.interpadelmedia.com\/en\/valladolid-celebrates-20-years-of-professional-padel\/","name":"Valladolid marks 20 years of professional padel with Oysho Premier Padel P2 2026","isPartOf":{"@id":"https:\/\/www.interpadelmedia.com\/en\/#website"},"primaryImageOfPage":{"@id":"https:\/\/www.interpadelmedia.com\/en\/valladolid-celebrates-20-years-of-professional-padel\/#primaryimage"},"image":{"@id":"https:\/\/www.interpadelmedia.com\/en\/valladolid-celebrates-20-years-of-professional-padel\/#primaryimage"},"thumbnailUrl":"https:\/\/www.interpadelmedia.com\/wp-content\/uploads\/2026\/03\/Valladolid-Premier-Padel-4-web.png","datePublished":"2026-03-20T13:05:04+00:00","dateModified":"2026-03-20T13:07:54+00:00","description":"Valladolid celebrates 20 years of professional padel with the Oysho Premier Padel P2 2026, a unique event held in its iconic Plaza Mayor.","breadcrumb":{"@id":"https:\/\/www.interpadelmedia.com\/en\/valladolid-celebrates-20-years-of-professional-padel\/#breadcrumb"},"inLanguage":"en-US","potentialAction":[{"@type":"ReadAction","target":["https:\/\/www.interpadelmedia.com\/en\/valladolid-celebrates-20-years-of-professional-padel\/"]}]},{"@type":"ImageObject","inLanguage":"en-US","@id":"https:\/\/www.interpadelmedia.com\/en\/valladolid-celebrates-20-years-of-professional-padel\/#primaryimage","url":"https:\/\/www.interpadelmedia.com\/wp-content\/uploads\/2026\/03\/Valladolid-Premier-Padel-4-web.png","contentUrl":"https:\/\/www.interpadelmedia.com\/wp-content\/uploads\/2026\/03\/Valladolid-Premier-Padel-4-web.png","width":1500,"height":1000},{"@type":"BreadcrumbList","@id":"https:\/\/www.interpadelmedia.com\/en\/valladolid-celebrates-20-years-of-professional-padel\/#breadcrumb","itemListElement":[{"@type":"ListItem","position":1,"name":"Portada","item":"https:\/\/www.interpadelmedia.com\/en\/"},{"@type":"ListItem","position":2,"name":"Valladolid celebrates 20 years of professional padel"}]},{"@type":"WebSite","@id":"https:\/\/www.interpadelmedia.com\/en\/#website","url":"https:\/\/www.interpadelmedia.com\/en\/","name":"Asociaci\u00f3n Internacional de Medios de P\u00e1del","description":"El p\u00e1del une","publisher":{"@id":"https:\/\/www.interpadelmedia.com\/en\/#organization"},"alternateName":"International Padel Media Association","potentialAction":[{"@type":"SearchAction","target":{"@type":"EntryPoint","urlTemplate":"https:\/\/www.interpadelmedia.com\/en\/?s={search_term_string}"},"query-input":{"@type":"PropertyValueSpecification","valueRequired":true,"valueName":"search_term_string"}}],"inLanguage":"en-US"},{"@type":"Organization","@id":"https:\/\/www.interpadelmedia.com\/en\/#organization","name":"Asociaci\u00f3n Internacional de Medios de P\u00e1del","alternateName":"International Padel Media Association","url":"https:\/\/www.interpadelmedia.com\/en\/","logo":{"@type":"ImageObject","inLanguage":"en-US","@id":"https:\/\/www.interpadelmedia.com\/en\/#\/schema\/logo\/image\/","url":"https:\/\/www.interpadelmedia.com\/wp-content\/uploads\/2025\/06\/Logo_verde_1_1.png","contentUrl":"https:\/\/www.interpadelmedia.com\/wp-content\/uploads\/2025\/06\/Logo_verde_1_1.png","width":250,"height":250,"caption":"Asociaci\u00f3n Internacional de Medios de P\u00e1del"},"image":{"@id":"https:\/\/www.interpadelmedia.com\/en\/#\/schema\/logo\/image\/"},"sameAs":["https:\/\/www.facebook.com\/profile.php?id=61564675752871","https:\/\/x.com\/InterPadelMedia","https:\/\/www.instagram.com\/interpadelmedia\/","https:\/\/www.linkedin.com\/company\/asociacion-internacional-de-medios-de-padel\/posts\/?feedView=all"]},{"@type":"Person","@id":"https:\/\/www.interpadelmedia.com\/en\/#\/schema\/person\/502cbc75e2b9e89f3d1a72ff9d25b780","name":"Iv\u00e1n Hern\u00e1ndez","image":{"@type":"ImageObject","inLanguage":"en-US","@id":"https:\/\/www.interpadelmedia.com\/en\/#\/schema\/person\/image\/","url":"https:\/\/secure.gravatar.com\/avatar\/6174e34f1a6d0d33c4e5ce65a3012cf6322775297114f2d698da6b4576af20bd?s=96&d=mm&r=g","contentUrl":"https:\/\/secure.gravatar.com\/avatar\/6174e34f1a6d0d33c4e5ce65a3012cf6322775297114f2d698da6b4576af20bd?s=96&d=mm&r=g","caption":"Iv\u00e1n Hern\u00e1ndez"}}]}},"_links":{"self":[{"href":"https:\/\/www.interpadelmedia.com\/en\/wp-json\/wp\/v2\/posts\/3106","targetHints":{"allow":["GET"]}}],"collection":[{"href":"https:\/\/www.interpadelmedia.com\/en\/wp-json\/wp\/v2\/posts"}],"about":[{"href":"https:\/\/www.interpadelmedia.com\/en\/wp-json\/wp\/v2\/types\/post"}],"author":[{"embeddable":true,"href":"https:\/\/www.interpadelmedia.com\/en\/wp-json\/wp\/v2\/users\/2"}],"replies":[{"embeddable":true,"href":"https:\/\/www.interpadelmedia.com\/en\/wp-json\/wp\/v2\/comments?post=3106"}],"version-history":[{"count":1,"href":"https:\/\/www.interpadelmedia.com\/en\/wp-json\/wp\/v2\/posts\/3106\/revisions"}],"predecessor-version":[{"id":3107,"href":"https:\/\/www.interpadelmedia.com\/en\/wp-json\/wp\/v2\/posts\/3106\/revisions\/3107"}],"wp:featuredmedia":[{"embeddable":true,"href":"https:\/\/www.interpadelmedia.com\/en\/wp-json\/wp\/v2\/media\/3105"}],"wp:attachment":[{"href":"https:\/\/www.interpadelmedia.com\/en\/wp-json\/wp\/v2\/media?parent=3106"}],"wp:term":[{"taxonomy":"category","embeddable":true,"href":"https:\/\/www.interpadelmedia.com\/en\/wp-json\/wp\/v2\/categories?post=3106"},{"taxonomy":"post_tag","embeddable":true,"href":"https:\/\/www.interpadelmedia.com\/en\/wp-json\/wp\/v2\/tags?post=3106"}],"curies":[{"name":"wp","href":"https:\/\/api.w.org\/{rel}","templated":true}]}}