{"id":3096,"date":"2026-03-16T18:37:29","date_gmt":"2026-03-16T17:37:29","guid":{"rendered":"https:\/\/www.interpadelmedia.com\/?p=3096"},"modified":"2026-03-17T09:26:24","modified_gmt":"2026-03-17T08:26:24","slug":"yekaterinburg-the-new-padel-hub-between-europe-and-asia-with-the-rcc-padel-league","status":"publish","type":"post","link":"https:\/\/www.interpadelmedia.com\/en\/yekaterinburg-the-new-padel-hub-between-europe-and-asia-with-the-rcc-padel-league\/","title":{"rendered":"YEKATERINBURG: THE NEW PADEL HUB BETWEEN EUROPE AND ASIA WITH THE RCC PADEL LEAGUE"},"content":{"rendered":"\n<p class=\"has-medium-font-size\">IPMA lands in the Urals to witness Russian Copper Company\u2019s ambitious commitment to professional padel<\/p>\n\n\n\n<p>Yekaterinburg, Russia Javier D\u00edaz La Pala Mexico\u2013 In February 2026, the <strong>International Padel Media Association (IPMA)<\/strong> expanded its reach to learn first-hand about the development of padel in Russian territory. In the heart of the <strong>Ural Mountains<\/strong>, right on the natural border between Europe and Asia, a new capital of padel is emerging: <strong>Yekaterinburg<\/strong>.<\/p>\n\n\n\n<p>Russia\u2019s fourth-largest city aims not only to join the international padel map but to become the undisputed reference in the region through a sports revolution built on strong foundations.<\/p>\n\n\n\n<p>Behind this movement is <strong>Igor Altushkin<\/strong>, <strong>Founder of Russian Copper Company (RCC)<\/strong>. The copper industry giant has decided to invest in padel, democratizing access to the sport for the city\u2019s residents while raising infrastructure standards to a global level.<\/p>\n\n\n\n<hr class=\"wp-block-separator has-alpha-channel-opacity\"\/>\n\n\n\n<h3 class=\"wp-block-heading\">A circuit with its own identity<\/h3>\n\n\n\n<p>This vision gave birth to the <strong>RCC Padel League<\/strong>, a professional circuit that has already attracted players from <strong>Spain, Argentina and Italy<\/strong>, as well as regional champions from <strong>China, Japan and Kazakhstan<\/strong>.<\/p>\n\n\n\n<p>The <strong>2026 calendar<\/strong> includes five regular tournaments and a <strong>Masters Final<\/strong>, all hosted at the <strong>RCC Padel Arena<\/strong>. This venue stands out not only for its modern design but also for being possibly the only arena of such scale in the world built exclusively for padel.<\/p>\n\n\n\n<p>During the official press conference, <strong>Adri\u00e1n \u201cTito\u201d Allemandi<\/strong>, a legend of the sport and current <strong>Sporting Director of RCC Padel<\/strong>, attended alongside players such as <strong>Javier Gonz\u00e1lez Barahona, \u00c1lvaro Cepero and Denis Perino<\/strong>. All of them highlighted one key point: the <strong>excellent treatment and professional standards<\/strong>.<\/p>\n\n\n\n<p>Although the organization clarifies that its goal is not to compete with <strong>Premier Padel<\/strong>, the focus remains on professionalism and highly competitive prize money that makes players feel part of an elite environment.<\/p>\n\n\n\n<hr class=\"wp-block-separator has-alpha-channel-opacity\"\/>\n\n\n\n<h3 class=\"wp-block-heading\">On-court action<\/h3>\n\n\n\n<p>In sporting terms, the first event crowned <strong>Tito Allemandi and Aimar Go\u00f1i<\/strong>, who won 6-2 before the retirement of <strong>Denis Perino and Ignacio Piotto<\/strong>, earning the first important ranking points in the RCC standings.<\/p>\n\n\n\n<hr class=\"wp-block-separator has-alpha-channel-opacity\"\/>\n\n\n\n<h3 class=\"wp-block-heading\">Beyond the tournament<\/h3>\n\n\n\n<p>For the team of <strong>La Pala<\/strong>, this coverage represented their first international experience outside Mexico. Thanks to the invitation extended to the <strong>IPMA<\/strong>, the event brought together media members such as <strong>Adri from La Casa del P\u00e1del<\/strong> and <strong>Elena from Wise Padel<\/strong>, along with international content creators including <strong>Energy Padel, Padel Review and Marca<\/strong>.<\/p>\n\n\n\n<p>The hospitality of the RCC team was remarkable, even allowing media members to play an amateur tournament on the same courts where professionals had competed just a day earlier.<\/p>\n\n\n\n<p>The experience demonstrated that in Russia they are not only building courts; they are creating <strong>high-performance ecosystems<\/strong> with gyms and mental preparation centers under the methodology of the <strong>RCC Padel Academy led by Tito Allemandi<\/strong>.<\/p>\n\n\n\n<p>The fact that world-class players are willing to travel to Yekaterinburg is the greatest proof of the success of this project.<\/p>\n\n\n\n<p>Throughout 2026, we will witness how the largest country in the world continues embracing padel. <strong>IPMA and La Pala were there to confirm that the future of padel is also being written in Cyrillic.<\/strong><br><br>Some videos IPMA on RCC Padel <br>La Pala Mexico: <a href=\"https:\/\/www.youtube.com\/watch?v=ZqMUqndlFac&amp;t=696s\">https:\/\/www.youtube.com\/watch?v=ZqMUqndlFac&amp;t=696s<\/a><br>La casa del Padel <a href=\"https:\/\/www.youtube.com\/watch?v=_ZDK8KZybKM&amp;t=24s\">https:\/\/www.youtube.com\/watch?v=_ZDK8KZybKM&amp;t=24s<\/a> <a href=\"https:\/\/www.youtube.com\/watch?v=Nm6zTcrjIt0\">https:\/\/www.youtube.com\/watch?v=Nm6zTcrjIt0<\/a><\/p>\n\n\n\n<p><\/p>\n","protected":false},"excerpt":{"rendered":"<p>Ekaterimburgo se posiciona como nuevo epicentro del p\u00e1del con la RCC Padel League, un circuito internacional impulsado por Russian Copper Company con jugadores de todo el mundo.<\/p>\n","protected":false},"author":2,"featured_media":3095,"comment_status":"closed","ping_status":"closed","sticky":false,"template":"","format":"standard","meta":{"footnotes":""},"categories":[1],"tags":[],"class_list":["post-3096","post","type-post","status-publish","format-standard","has-post-thumbnail","hentry","category-news"],"yoast_head":"<!-- This site is optimized with the Yoast SEO plugin v26.5 - https:\/\/yoast.com\/wordpress\/plugins\/seo\/ -->\n<title>Ekaterimburgo impulsa el p\u00e1del internacional con la RCC Padel League y la apuesta de Russian Copper Company<\/title>\n<meta name=\"description\" content=\"Ekaterimburgo impulsa el p\u00e1del internacional con la RCC Padel League y la apuesta de Russian Copper Company\" \/>\n<meta name=\"robots\" content=\"index, follow, max-snippet:-1, max-image-preview:large, max-video-preview:-1\" \/>\n<link rel=\"canonical\" href=\"https:\/\/www.interpadelmedia.com\/en\/yekaterinburg-the-new-padel-hub-between-europe-and-asia-with-the-rcc-padel-league\/\" \/>\n<meta property=\"og:locale\" content=\"en_US\" \/>\n<meta property=\"og:type\" content=\"article\" \/>\n<meta property=\"og:title\" content=\"Ekaterimburgo emerge como nuevo epicentro del p\u00e1del entre Europa y Asia con la RCC Padel League\" \/>\n<meta property=\"og:description\" content=\"La RCC Padel League aterriza en Ekaterimburgo con un ambicioso proyecto que busca convertir a Rusia en un nuevo referente del p\u00e1del entre Europa y Asia.\" \/>\n<meta property=\"og:url\" content=\"https:\/\/www.interpadelmedia.com\/en\/yekaterinburg-the-new-padel-hub-between-europe-and-asia-with-the-rcc-padel-league\/\" \/>\n<meta property=\"og:site_name\" content=\"International Padel Media Association (IPMA)\" \/>\n<meta property=\"article:publisher\" content=\"https:\/\/www.facebook.com\/profile.php?id=61564675752871\" \/>\n<meta property=\"article:published_time\" content=\"2026-03-16T17:37:29+00:00\" \/>\n<meta property=\"article:modified_time\" content=\"2026-03-17T08:26:24+00:00\" \/>\n<meta property=\"og:image\" content=\"https:\/\/www.interpadelmedia.com\/wp-content\/uploads\/2026\/03\/RccPadel1web-1024x683.png\" \/>\n\t<meta property=\"og:image:width\" content=\"1024\" \/>\n\t<meta property=\"og:image:height\" content=\"683\" \/>\n\t<meta property=\"og:image:type\" content=\"image\/png\" \/>\n<meta name=\"author\" content=\"Iv\u00e1n Hern\u00e1ndez\" \/>\n<meta name=\"twitter:card\" content=\"summary_large_image\" \/>\n<meta name=\"twitter:title\" content=\"Ekaterimburgo emerge como nuevo epicentro del p\u00e1del entre Europa y Asia con la RCC Padel League\" \/>\n<meta name=\"twitter:description\" content=\"La RCC Padel League aterriza en Ekaterimburgo con un ambicioso proyecto que busca convertir a Rusia en un nuevo referente del p\u00e1del entre Europa y Asia.\" \/>\n<meta name=\"twitter:image\" content=\"https:\/\/www.interpadelmedia.com\/wp-content\/uploads\/2026\/03\/RccPadel1web.png\" \/>\n<meta name=\"twitter:creator\" content=\"@InterPadelMedia\" \/>\n<meta name=\"twitter:site\" content=\"@InterPadelMedia\" \/>\n<meta name=\"twitter:label1\" content=\"Written by\" \/>\n\t<meta name=\"twitter:data1\" content=\"Iv\u00e1n Hern\u00e1ndez\" \/>\n\t<meta name=\"twitter:label2\" content=\"Est. reading time\" \/>\n\t<meta name=\"twitter:data2\" content=\"3 minutes\" \/>\n<script type=\"application\/ld+json\" class=\"yoast-schema-graph\">{\"@context\":\"https:\/\/schema.org\",\"@graph\":[{\"@type\":\"Article\",\"@id\":\"https:\/\/www.interpadelmedia.com\/en\/yekaterinburg-the-new-padel-hub-between-europe-and-asia-with-the-rcc-padel-league\/#article\",\"isPartOf\":{\"@id\":\"https:\/\/www.interpadelmedia.com\/en\/yekaterinburg-the-new-padel-hub-between-europe-and-asia-with-the-rcc-padel-league\/\"},\"author\":{\"name\":\"Iv\u00e1n Hern\u00e1ndez\",\"@id\":\"https:\/\/www.interpadelmedia.com\/en\/#\/schema\/person\/502cbc75e2b9e89f3d1a72ff9d25b780\"},\"headline\":\"YEKATERINBURG: THE NEW PADEL HUB BETWEEN EUROPE AND ASIA WITH THE RCC PADEL LEAGUE\",\"datePublished\":\"2026-03-16T17:37:29+00:00\",\"dateModified\":\"2026-03-17T08:26:24+00:00\",\"mainEntityOfPage\":{\"@id\":\"https:\/\/www.interpadelmedia.com\/en\/yekaterinburg-the-new-padel-hub-between-europe-and-asia-with-the-rcc-padel-league\/\"},\"wordCount\":573,\"publisher\":{\"@id\":\"https:\/\/www.interpadelmedia.com\/en\/#organization\"},\"image\":{\"@id\":\"https:\/\/www.interpadelmedia.com\/en\/yekaterinburg-the-new-padel-hub-between-europe-and-asia-with-the-rcc-padel-league\/#primaryimage\"},\"thumbnailUrl\":\"https:\/\/www.interpadelmedia.com\/wp-content\/uploads\/2026\/03\/RccPadel1web.png\",\"articleSection\":[\"News\"],\"inLanguage\":\"en-US\"},{\"@type\":\"WebPage\",\"@id\":\"https:\/\/www.interpadelmedia.com\/en\/yekaterinburg-the-new-padel-hub-between-europe-and-asia-with-the-rcc-padel-league\/\",\"url\":\"https:\/\/www.interpadelmedia.com\/en\/yekaterinburg-the-new-padel-hub-between-europe-and-asia-with-the-rcc-padel-league\/\",\"name\":\"Ekaterimburgo impulsa el p\u00e1del internacional con la RCC Padel League y la apuesta de Russian Copper Company\",\"isPartOf\":{\"@id\":\"https:\/\/www.interpadelmedia.com\/en\/#website\"},\"primaryImageOfPage\":{\"@id\":\"https:\/\/www.interpadelmedia.com\/en\/yekaterinburg-the-new-padel-hub-between-europe-and-asia-with-the-rcc-padel-league\/#primaryimage\"},\"image\":{\"@id\":\"https:\/\/www.interpadelmedia.com\/en\/yekaterinburg-the-new-padel-hub-between-europe-and-asia-with-the-rcc-padel-league\/#primaryimage\"},\"thumbnailUrl\":\"https:\/\/www.interpadelmedia.com\/wp-content\/uploads\/2026\/03\/RccPadel1web.png\",\"datePublished\":\"2026-03-16T17:37:29+00:00\",\"dateModified\":\"2026-03-17T08:26:24+00:00\",\"description\":\"Ekaterimburgo impulsa el p\u00e1del internacional con la RCC Padel League y la apuesta de Russian Copper Company\",\"breadcrumb\":{\"@id\":\"https:\/\/www.interpadelmedia.com\/en\/yekaterinburg-the-new-padel-hub-between-europe-and-asia-with-the-rcc-padel-league\/#breadcrumb\"},\"inLanguage\":\"en-US\",\"potentialAction\":[{\"@type\":\"ReadAction\",\"target\":[\"https:\/\/www.interpadelmedia.com\/en\/yekaterinburg-the-new-padel-hub-between-europe-and-asia-with-the-rcc-padel-league\/\"]}]},{\"@type\":\"ImageObject\",\"inLanguage\":\"en-US\",\"@id\":\"https:\/\/www.interpadelmedia.com\/en\/yekaterinburg-the-new-padel-hub-between-europe-and-asia-with-the-rcc-padel-league\/#primaryimage\",\"url\":\"https:\/\/www.interpadelmedia.com\/wp-content\/uploads\/2026\/03\/RccPadel1web.png\",\"contentUrl\":\"https:\/\/www.interpadelmedia.com\/wp-content\/uploads\/2026\/03\/RccPadel1web.png\",\"width\":1500,\"height\":1000},{\"@type\":\"BreadcrumbList\",\"@id\":\"https:\/\/www.interpadelmedia.com\/en\/yekaterinburg-the-new-padel-hub-between-europe-and-asia-with-the-rcc-padel-league\/#breadcrumb\",\"itemListElement\":[{\"@type\":\"ListItem\",\"position\":1,\"name\":\"Portada\",\"item\":\"https:\/\/www.interpadelmedia.com\/en\/\"},{\"@type\":\"ListItem\",\"position\":2,\"name\":\"YEKATERINBURG: THE NEW PADEL HUB BETWEEN EUROPE AND ASIA WITH THE RCC PADEL LEAGUE\"}]},{\"@type\":\"WebSite\",\"@id\":\"https:\/\/www.interpadelmedia.com\/en\/#website\",\"url\":\"https:\/\/www.interpadelmedia.com\/en\/\",\"name\":\"Asociaci\u00f3n Internacional de Medios de P\u00e1del\",\"description\":\"El p\u00e1del une\",\"publisher\":{\"@id\":\"https:\/\/www.interpadelmedia.com\/en\/#organization\"},\"alternateName\":\"International Padel Media Association\",\"potentialAction\":[{\"@type\":\"SearchAction\",\"target\":{\"@type\":\"EntryPoint\",\"urlTemplate\":\"https:\/\/www.interpadelmedia.com\/en\/?s={search_term_string}\"},\"query-input\":{\"@type\":\"PropertyValueSpecification\",\"valueRequired\":true,\"valueName\":\"search_term_string\"}}],\"inLanguage\":\"en-US\"},{\"@type\":\"Organization\",\"@id\":\"https:\/\/www.interpadelmedia.com\/en\/#organization\",\"name\":\"Asociaci\u00f3n Internacional de Medios de P\u00e1del\",\"alternateName\":\"International Padel Media Association\",\"url\":\"https:\/\/www.interpadelmedia.com\/en\/\",\"logo\":{\"@type\":\"ImageObject\",\"inLanguage\":\"en-US\",\"@id\":\"https:\/\/www.interpadelmedia.com\/en\/#\/schema\/logo\/image\/\",\"url\":\"https:\/\/www.interpadelmedia.com\/wp-content\/uploads\/2025\/06\/Logo_verde_1_1.png\",\"contentUrl\":\"https:\/\/www.interpadelmedia.com\/wp-content\/uploads\/2025\/06\/Logo_verde_1_1.png\",\"width\":250,\"height\":250,\"caption\":\"Asociaci\u00f3n Internacional de Medios de P\u00e1del\"},\"image\":{\"@id\":\"https:\/\/www.interpadelmedia.com\/en\/#\/schema\/logo\/image\/\"},\"sameAs\":[\"https:\/\/www.facebook.com\/profile.php?id=61564675752871\",\"https:\/\/x.com\/InterPadelMedia\",\"https:\/\/www.instagram.com\/interpadelmedia\/\",\"https:\/\/www.linkedin.com\/company\/asociacion-internacional-de-medios-de-padel\/posts\/?feedView=all\"]},{\"@type\":\"Person\",\"@id\":\"https:\/\/www.interpadelmedia.com\/en\/#\/schema\/person\/502cbc75e2b9e89f3d1a72ff9d25b780\",\"name\":\"Iv\u00e1n Hern\u00e1ndez\",\"image\":{\"@type\":\"ImageObject\",\"inLanguage\":\"en-US\",\"@id\":\"https:\/\/www.interpadelmedia.com\/en\/#\/schema\/person\/image\/\",\"url\":\"https:\/\/secure.gravatar.com\/avatar\/6174e34f1a6d0d33c4e5ce65a3012cf6322775297114f2d698da6b4576af20bd?s=96&d=mm&r=g\",\"contentUrl\":\"https:\/\/secure.gravatar.com\/avatar\/6174e34f1a6d0d33c4e5ce65a3012cf6322775297114f2d698da6b4576af20bd?s=96&d=mm&r=g\",\"caption\":\"Iv\u00e1n Hern\u00e1ndez\"}}]}<\/script>\n<!-- \/ Yoast SEO plugin. -->","yoast_head_json":{"title":"Ekaterimburgo impulsa el p\u00e1del internacional con la RCC Padel League y la apuesta de Russian Copper Company","description":"Ekaterimburgo impulsa el p\u00e1del internacional con la RCC Padel League y la apuesta de Russian Copper Company","robots":{"index":"index","follow":"follow","max-snippet":"max-snippet:-1","max-image-preview":"max-image-preview:large","max-video-preview":"max-video-preview:-1"},"canonical":"https:\/\/www.interpadelmedia.com\/en\/yekaterinburg-the-new-padel-hub-between-europe-and-asia-with-the-rcc-padel-league\/","og_locale":"en_US","og_type":"article","og_title":"Ekaterimburgo emerge como nuevo epicentro del p\u00e1del entre Europa y Asia con la RCC Padel League","og_description":"La RCC Padel League aterriza en Ekaterimburgo con un ambicioso proyecto que busca convertir a Rusia en un nuevo referente del p\u00e1del entre Europa y Asia.","og_url":"https:\/\/www.interpadelmedia.com\/en\/yekaterinburg-the-new-padel-hub-between-europe-and-asia-with-the-rcc-padel-league\/","og_site_name":"International Padel Media Association (IPMA)","article_publisher":"https:\/\/www.facebook.com\/profile.php?id=61564675752871","article_published_time":"2026-03-16T17:37:29+00:00","article_modified_time":"2026-03-17T08:26:24+00:00","og_image":[{"width":1024,"height":683,"url":"https:\/\/www.interpadelmedia.com\/wp-content\/uploads\/2026\/03\/RccPadel1web-1024x683.png","type":"image\/png"}],"author":"Iv\u00e1n Hern\u00e1ndez","twitter_card":"summary_large_image","twitter_title":"Ekaterimburgo emerge como nuevo epicentro del p\u00e1del entre Europa y Asia con la RCC Padel League","twitter_description":"La RCC Padel League aterriza en Ekaterimburgo con un ambicioso proyecto que busca convertir a Rusia en un nuevo referente del p\u00e1del entre Europa y Asia.","twitter_image":"https:\/\/www.interpadelmedia.com\/wp-content\/uploads\/2026\/03\/RccPadel1web.png","twitter_creator":"@InterPadelMedia","twitter_site":"@InterPadelMedia","twitter_misc":{"Written by":"Iv\u00e1n Hern\u00e1ndez","Est. reading time":"3 minutes"},"schema":{"@context":"https:\/\/schema.org","@graph":[{"@type":"Article","@id":"https:\/\/www.interpadelmedia.com\/en\/yekaterinburg-the-new-padel-hub-between-europe-and-asia-with-the-rcc-padel-league\/#article","isPartOf":{"@id":"https:\/\/www.interpadelmedia.com\/en\/yekaterinburg-the-new-padel-hub-between-europe-and-asia-with-the-rcc-padel-league\/"},"author":{"name":"Iv\u00e1n Hern\u00e1ndez","@id":"https:\/\/www.interpadelmedia.com\/en\/#\/schema\/person\/502cbc75e2b9e89f3d1a72ff9d25b780"},"headline":"YEKATERINBURG: THE NEW PADEL HUB BETWEEN EUROPE AND ASIA WITH THE RCC PADEL LEAGUE","datePublished":"2026-03-16T17:37:29+00:00","dateModified":"2026-03-17T08:26:24+00:00","mainEntityOfPage":{"@id":"https:\/\/www.interpadelmedia.com\/en\/yekaterinburg-the-new-padel-hub-between-europe-and-asia-with-the-rcc-padel-league\/"},"wordCount":573,"publisher":{"@id":"https:\/\/www.interpadelmedia.com\/en\/#organization"},"image":{"@id":"https:\/\/www.interpadelmedia.com\/en\/yekaterinburg-the-new-padel-hub-between-europe-and-asia-with-the-rcc-padel-league\/#primaryimage"},"thumbnailUrl":"https:\/\/www.interpadelmedia.com\/wp-content\/uploads\/2026\/03\/RccPadel1web.png","articleSection":["News"],"inLanguage":"en-US"},{"@type":"WebPage","@id":"https:\/\/www.interpadelmedia.com\/en\/yekaterinburg-the-new-padel-hub-between-europe-and-asia-with-the-rcc-padel-league\/","url":"https:\/\/www.interpadelmedia.com\/en\/yekaterinburg-the-new-padel-hub-between-europe-and-asia-with-the-rcc-padel-league\/","name":"Ekaterimburgo impulsa el p\u00e1del internacional con la RCC Padel League y la apuesta de Russian Copper Company","isPartOf":{"@id":"https:\/\/www.interpadelmedia.com\/en\/#website"},"primaryImageOfPage":{"@id":"https:\/\/www.interpadelmedia.com\/en\/yekaterinburg-the-new-padel-hub-between-europe-and-asia-with-the-rcc-padel-league\/#primaryimage"},"image":{"@id":"https:\/\/www.interpadelmedia.com\/en\/yekaterinburg-the-new-padel-hub-between-europe-and-asia-with-the-rcc-padel-league\/#primaryimage"},"thumbnailUrl":"https:\/\/www.interpadelmedia.com\/wp-content\/uploads\/2026\/03\/RccPadel1web.png","datePublished":"2026-03-16T17:37:29+00:00","dateModified":"2026-03-17T08:26:24+00:00","description":"Ekaterimburgo impulsa el p\u00e1del internacional con la RCC Padel League y la apuesta de Russian Copper Company","breadcrumb":{"@id":"https:\/\/www.interpadelmedia.com\/en\/yekaterinburg-the-new-padel-hub-between-europe-and-asia-with-the-rcc-padel-league\/#breadcrumb"},"inLanguage":"en-US","potentialAction":[{"@type":"ReadAction","target":["https:\/\/www.interpadelmedia.com\/en\/yekaterinburg-the-new-padel-hub-between-europe-and-asia-with-the-rcc-padel-league\/"]}]},{"@type":"ImageObject","inLanguage":"en-US","@id":"https:\/\/www.interpadelmedia.com\/en\/yekaterinburg-the-new-padel-hub-between-europe-and-asia-with-the-rcc-padel-league\/#primaryimage","url":"https:\/\/www.interpadelmedia.com\/wp-content\/uploads\/2026\/03\/RccPadel1web.png","contentUrl":"https:\/\/www.interpadelmedia.com\/wp-content\/uploads\/2026\/03\/RccPadel1web.png","width":1500,"height":1000},{"@type":"BreadcrumbList","@id":"https:\/\/www.interpadelmedia.com\/en\/yekaterinburg-the-new-padel-hub-between-europe-and-asia-with-the-rcc-padel-league\/#breadcrumb","itemListElement":[{"@type":"ListItem","position":1,"name":"Portada","item":"https:\/\/www.interpadelmedia.com\/en\/"},{"@type":"ListItem","position":2,"name":"YEKATERINBURG: THE NEW PADEL HUB BETWEEN EUROPE AND ASIA WITH THE RCC PADEL LEAGUE"}]},{"@type":"WebSite","@id":"https:\/\/www.interpadelmedia.com\/en\/#website","url":"https:\/\/www.interpadelmedia.com\/en\/","name":"Asociaci\u00f3n Internacional de Medios de P\u00e1del","description":"El p\u00e1del une","publisher":{"@id":"https:\/\/www.interpadelmedia.com\/en\/#organization"},"alternateName":"International Padel Media Association","potentialAction":[{"@type":"SearchAction","target":{"@type":"EntryPoint","urlTemplate":"https:\/\/www.interpadelmedia.com\/en\/?s={search_term_string}"},"query-input":{"@type":"PropertyValueSpecification","valueRequired":true,"valueName":"search_term_string"}}],"inLanguage":"en-US"},{"@type":"Organization","@id":"https:\/\/www.interpadelmedia.com\/en\/#organization","name":"Asociaci\u00f3n Internacional de Medios de P\u00e1del","alternateName":"International Padel Media Association","url":"https:\/\/www.interpadelmedia.com\/en\/","logo":{"@type":"ImageObject","inLanguage":"en-US","@id":"https:\/\/www.interpadelmedia.com\/en\/#\/schema\/logo\/image\/","url":"https:\/\/www.interpadelmedia.com\/wp-content\/uploads\/2025\/06\/Logo_verde_1_1.png","contentUrl":"https:\/\/www.interpadelmedia.com\/wp-content\/uploads\/2025\/06\/Logo_verde_1_1.png","width":250,"height":250,"caption":"Asociaci\u00f3n Internacional de Medios de P\u00e1del"},"image":{"@id":"https:\/\/www.interpadelmedia.com\/en\/#\/schema\/logo\/image\/"},"sameAs":["https:\/\/www.facebook.com\/profile.php?id=61564675752871","https:\/\/x.com\/InterPadelMedia","https:\/\/www.instagram.com\/interpadelmedia\/","https:\/\/www.linkedin.com\/company\/asociacion-internacional-de-medios-de-padel\/posts\/?feedView=all"]},{"@type":"Person","@id":"https:\/\/www.interpadelmedia.com\/en\/#\/schema\/person\/502cbc75e2b9e89f3d1a72ff9d25b780","name":"Iv\u00e1n Hern\u00e1ndez","image":{"@type":"ImageObject","inLanguage":"en-US","@id":"https:\/\/www.interpadelmedia.com\/en\/#\/schema\/person\/image\/","url":"https:\/\/secure.gravatar.com\/avatar\/6174e34f1a6d0d33c4e5ce65a3012cf6322775297114f2d698da6b4576af20bd?s=96&d=mm&r=g","contentUrl":"https:\/\/secure.gravatar.com\/avatar\/6174e34f1a6d0d33c4e5ce65a3012cf6322775297114f2d698da6b4576af20bd?s=96&d=mm&r=g","caption":"Iv\u00e1n Hern\u00e1ndez"}}]}},"_links":{"self":[{"href":"https:\/\/www.interpadelmedia.com\/en\/wp-json\/wp\/v2\/posts\/3096","targetHints":{"allow":["GET"]}}],"collection":[{"href":"https:\/\/www.interpadelmedia.com\/en\/wp-json\/wp\/v2\/posts"}],"about":[{"href":"https:\/\/www.interpadelmedia.com\/en\/wp-json\/wp\/v2\/types\/post"}],"author":[{"embeddable":true,"href":"https:\/\/www.interpadelmedia.com\/en\/wp-json\/wp\/v2\/users\/2"}],"replies":[{"embeddable":true,"href":"https:\/\/www.interpadelmedia.com\/en\/wp-json\/wp\/v2\/comments?post=3096"}],"version-history":[{"count":3,"href":"https:\/\/www.interpadelmedia.com\/en\/wp-json\/wp\/v2\/posts\/3096\/revisions"}],"predecessor-version":[{"id":3100,"href":"https:\/\/www.interpadelmedia.com\/en\/wp-json\/wp\/v2\/posts\/3096\/revisions\/3100"}],"wp:featuredmedia":[{"embeddable":true,"href":"https:\/\/www.interpadelmedia.com\/en\/wp-json\/wp\/v2\/media\/3095"}],"wp:attachment":[{"href":"https:\/\/www.interpadelmedia.com\/en\/wp-json\/wp\/v2\/media?parent=3096"}],"wp:term":[{"taxonomy":"category","embeddable":true,"href":"https:\/\/www.interpadelmedia.com\/en\/wp-json\/wp\/v2\/categories?post=3096"},{"taxonomy":"post_tag","embeddable":true,"href":"https:\/\/www.interpadelmedia.com\/en\/wp-json\/wp\/v2\/tags?post=3096"}],"curies":[{"name":"wp","href":"https:\/\/api.w.org\/{rel}","templated":true}]}}