{"id":3090,"date":"2026-03-12T18:20:56","date_gmt":"2026-03-12T17:20:56","guid":{"rendered":"https:\/\/www.interpadelmedia.com\/?p=3090"},"modified":"2026-03-12T18:29:28","modified_gmt":"2026-03-12T17:29:28","slug":"oysho-accelerates-in-the-professional-padel-circuit","status":"publish","type":"post","link":"https:\/\/www.interpadelmedia.com\/en\/oysho-accelerates-in-the-professional-padel-circuit\/","title":{"rendered":"OYSHO ACCELERATES IN THE PROFESSIONAL PADEL CIRCUIT"},"content":{"rendered":"\n<h3 class=\"wp-block-heading\">WILL BE PRESENTING &amp; APPAREL PARTNER OF THE COMUNIDAD DE MADRID PREMIER PADEL P1 BY OYSHO<\/h3>\n\n\n\n<p>Oysho continues to strengthen its presence on the international <strong>Qatar Airways Premier Padel Tour<\/strong> and will make its debut as <strong>Presenting &amp; Apparel Partner of the Comunidad de Madrid Premier Padel P1 by Oysho<\/strong>, one of the most important stops on the calendar.<\/p>\n\n\n\n<p>This new sponsorship expands Oysho\u2019s presence in some of the most prominent tournaments on the circuit, where the brand is already part of major international events such as the <strong>Italy Major Premier Padel in Rome<\/strong>, the <strong>Oysho Valladolid Premier Padel P2<\/strong>, the <strong>Oysho Milano Premier Padel P1<\/strong>, and the <strong>Dubai Premier Padel P1<\/strong>.<\/p>\n\n\n\n<p>Through this partnership, Oysho continues strengthening its positioning within high-level padel, increasing its visibility in one of the most important stages of the circuit and reinforcing its connection with a global community of players and fans.<\/p>\n\n\n\n<p>As part of its participation in the tournament, Oysho will dress the entire event operational team, including technical staff and ball kids.<\/p>\n\n\n\n<p>On court, the brand also supports some of the top players in the international rankings, including <strong>Paula Josemar\u00eda, Sof\u00eda Ara\u00fajo, Carmen Goenaga, Alejandra Salazar and Martina Calvo<\/strong>, who compete wearing Oysho\u2019s padel collection.<\/p>\n","protected":false},"excerpt":{"rendered":"<p>Oysho strengthens its presence in professional padel by becoming Presenting &#038; Apparel Partner of the Comunidad de Madrid Premier Padel P1 on the Premier Padel Tour.<\/p>\n","protected":false},"author":2,"featured_media":3089,"comment_status":"closed","ping_status":"closed","sticky":false,"template":"","format":"standard","meta":{"footnotes":""},"categories":[1],"tags":[],"class_list":["post-3090","post","type-post","status-publish","format-standard","has-post-thumbnail","hentry","category-news"],"yoast_head":"<!-- This site is optimized with the Yoast SEO plugin v26.5 - https:\/\/yoast.com\/wordpress\/plugins\/seo\/ -->\n<title>Oysho becomes Presenting &amp; Apparel Partner of the Comunidad de Madrid Premier Padel P1<\/title>\n<meta name=\"description\" content=\"Oysho expands its presence on the Qatar Airways Premier Padel Tour as Presenting &amp; Apparel Partner of the Comunidad de Madrid Premier Padel P1.\" \/>\n<meta name=\"robots\" content=\"index, follow, max-snippet:-1, max-image-preview:large, max-video-preview:-1\" \/>\n<link rel=\"canonical\" href=\"https:\/\/www.interpadelmedia.com\/en\/oysho-accelerates-in-the-professional-padel-circuit\/\" \/>\n<meta property=\"og:locale\" content=\"en_US\" \/>\n<meta property=\"og:type\" content=\"article\" \/>\n<meta property=\"og:title\" content=\"Oysho strengthens its commitment to padel as Presenting Partner of Madrid Premier Padel P1\" \/>\n<meta property=\"og:description\" content=\"Oysho continues to grow in professional padel, becoming Presenting &amp; Apparel Partner of the Comunidad de Madrid Premier Padel P1 on the Premier Padel Tour.\" \/>\n<meta property=\"og:url\" content=\"https:\/\/www.interpadelmedia.com\/en\/oysho-accelerates-in-the-professional-padel-circuit\/\" \/>\n<meta property=\"og:site_name\" content=\"International Padel Media Association (IPMA)\" \/>\n<meta property=\"article:publisher\" content=\"https:\/\/www.facebook.com\/profile.php?id=61564675752871\" \/>\n<meta property=\"article:published_time\" content=\"2026-03-12T17:20:56+00:00\" \/>\n<meta property=\"article:modified_time\" content=\"2026-03-12T17:29:28+00:00\" \/>\n<meta property=\"og:image\" content=\"https:\/\/www.interpadelmedia.com\/wp-content\/uploads\/2026\/03\/Oysho.jpeg\" \/>\n\t<meta property=\"og:image:width\" content=\"2048\" \/>\n\t<meta property=\"og:image:height\" content=\"1365\" \/>\n\t<meta property=\"og:image:type\" content=\"image\/jpeg\" \/>\n<meta name=\"author\" content=\"Iv\u00e1n Hern\u00e1ndez\" \/>\n<meta name=\"twitter:card\" content=\"summary_large_image\" \/>\n<meta name=\"twitter:title\" content=\"Oysho strengthens its commitment to padel as Presenting Partner of Madrid Premier Padel P1\" \/>\n<meta name=\"twitter:description\" content=\"Oysho continues to grow in professional padel, becoming Presenting &amp; Apparel Partner of the Comunidad de Madrid Premier Padel P1 on the Premier Padel Tour.\" \/>\n<meta name=\"twitter:image\" content=\"https:\/\/www.interpadelmedia.com\/wp-content\/uploads\/2026\/03\/Oysho.jpeg\" \/>\n<meta name=\"twitter:creator\" content=\"@InterPadelMedia\" \/>\n<meta name=\"twitter:site\" content=\"@InterPadelMedia\" \/>\n<meta name=\"twitter:label1\" content=\"Written by\" \/>\n\t<meta name=\"twitter:data1\" content=\"Iv\u00e1n Hern\u00e1ndez\" \/>\n\t<meta name=\"twitter:label2\" content=\"Est. reading time\" \/>\n\t<meta name=\"twitter:data2\" content=\"2 minutes\" \/>\n<script type=\"application\/ld+json\" class=\"yoast-schema-graph\">{\"@context\":\"https:\/\/schema.org\",\"@graph\":[{\"@type\":\"Article\",\"@id\":\"https:\/\/www.interpadelmedia.com\/en\/oysho-accelerates-in-the-professional-padel-circuit\/#article\",\"isPartOf\":{\"@id\":\"https:\/\/www.interpadelmedia.com\/en\/oysho-accelerates-in-the-professional-padel-circuit\/\"},\"author\":{\"name\":\"Iv\u00e1n Hern\u00e1ndez\",\"@id\":\"https:\/\/www.interpadelmedia.com\/en\/#\/schema\/person\/502cbc75e2b9e89f3d1a72ff9d25b780\"},\"headline\":\"OYSHO ACCELERATES IN THE PROFESSIONAL PADEL CIRCUIT\",\"datePublished\":\"2026-03-12T17:20:56+00:00\",\"dateModified\":\"2026-03-12T17:29:28+00:00\",\"mainEntityOfPage\":{\"@id\":\"https:\/\/www.interpadelmedia.com\/en\/oysho-accelerates-in-the-professional-padel-circuit\/\"},\"wordCount\":215,\"publisher\":{\"@id\":\"https:\/\/www.interpadelmedia.com\/en\/#organization\"},\"image\":{\"@id\":\"https:\/\/www.interpadelmedia.com\/en\/oysho-accelerates-in-the-professional-padel-circuit\/#primaryimage\"},\"thumbnailUrl\":\"https:\/\/www.interpadelmedia.com\/wp-content\/uploads\/2026\/03\/Oysho.jpeg\",\"articleSection\":[\"News\"],\"inLanguage\":\"en-US\"},{\"@type\":\"WebPage\",\"@id\":\"https:\/\/www.interpadelmedia.com\/en\/oysho-accelerates-in-the-professional-padel-circuit\/\",\"url\":\"https:\/\/www.interpadelmedia.com\/en\/oysho-accelerates-in-the-professional-padel-circuit\/\",\"name\":\"Oysho becomes Presenting & Apparel Partner of the Comunidad de Madrid Premier Padel P1\",\"isPartOf\":{\"@id\":\"https:\/\/www.interpadelmedia.com\/en\/#website\"},\"primaryImageOfPage\":{\"@id\":\"https:\/\/www.interpadelmedia.com\/en\/oysho-accelerates-in-the-professional-padel-circuit\/#primaryimage\"},\"image\":{\"@id\":\"https:\/\/www.interpadelmedia.com\/en\/oysho-accelerates-in-the-professional-padel-circuit\/#primaryimage\"},\"thumbnailUrl\":\"https:\/\/www.interpadelmedia.com\/wp-content\/uploads\/2026\/03\/Oysho.jpeg\",\"datePublished\":\"2026-03-12T17:20:56+00:00\",\"dateModified\":\"2026-03-12T17:29:28+00:00\",\"description\":\"Oysho expands its presence on the Qatar Airways Premier Padel Tour as Presenting & Apparel Partner of the Comunidad de Madrid Premier Padel P1.\",\"breadcrumb\":{\"@id\":\"https:\/\/www.interpadelmedia.com\/en\/oysho-accelerates-in-the-professional-padel-circuit\/#breadcrumb\"},\"inLanguage\":\"en-US\",\"potentialAction\":[{\"@type\":\"ReadAction\",\"target\":[\"https:\/\/www.interpadelmedia.com\/en\/oysho-accelerates-in-the-professional-padel-circuit\/\"]}]},{\"@type\":\"ImageObject\",\"inLanguage\":\"en-US\",\"@id\":\"https:\/\/www.interpadelmedia.com\/en\/oysho-accelerates-in-the-professional-padel-circuit\/#primaryimage\",\"url\":\"https:\/\/www.interpadelmedia.com\/wp-content\/uploads\/2026\/03\/Oysho.jpeg\",\"contentUrl\":\"https:\/\/www.interpadelmedia.com\/wp-content\/uploads\/2026\/03\/Oysho.jpeg\",\"width\":2048,\"height\":1365},{\"@type\":\"BreadcrumbList\",\"@id\":\"https:\/\/www.interpadelmedia.com\/en\/oysho-accelerates-in-the-professional-padel-circuit\/#breadcrumb\",\"itemListElement\":[{\"@type\":\"ListItem\",\"position\":1,\"name\":\"Portada\",\"item\":\"https:\/\/www.interpadelmedia.com\/en\/\"},{\"@type\":\"ListItem\",\"position\":2,\"name\":\"OYSHO ACCELERATES IN THE PROFESSIONAL PADEL CIRCUIT\"}]},{\"@type\":\"WebSite\",\"@id\":\"https:\/\/www.interpadelmedia.com\/en\/#website\",\"url\":\"https:\/\/www.interpadelmedia.com\/en\/\",\"name\":\"Asociaci\u00f3n Internacional de Medios de P\u00e1del\",\"description\":\"El p\u00e1del une\",\"publisher\":{\"@id\":\"https:\/\/www.interpadelmedia.com\/en\/#organization\"},\"alternateName\":\"International Padel Media Association\",\"potentialAction\":[{\"@type\":\"SearchAction\",\"target\":{\"@type\":\"EntryPoint\",\"urlTemplate\":\"https:\/\/www.interpadelmedia.com\/en\/?s={search_term_string}\"},\"query-input\":{\"@type\":\"PropertyValueSpecification\",\"valueRequired\":true,\"valueName\":\"search_term_string\"}}],\"inLanguage\":\"en-US\"},{\"@type\":\"Organization\",\"@id\":\"https:\/\/www.interpadelmedia.com\/en\/#organization\",\"name\":\"Asociaci\u00f3n Internacional de Medios de P\u00e1del\",\"alternateName\":\"International Padel Media Association\",\"url\":\"https:\/\/www.interpadelmedia.com\/en\/\",\"logo\":{\"@type\":\"ImageObject\",\"inLanguage\":\"en-US\",\"@id\":\"https:\/\/www.interpadelmedia.com\/en\/#\/schema\/logo\/image\/\",\"url\":\"https:\/\/www.interpadelmedia.com\/wp-content\/uploads\/2025\/06\/Logo_verde_1_1.png\",\"contentUrl\":\"https:\/\/www.interpadelmedia.com\/wp-content\/uploads\/2025\/06\/Logo_verde_1_1.png\",\"width\":250,\"height\":250,\"caption\":\"Asociaci\u00f3n Internacional de Medios de P\u00e1del\"},\"image\":{\"@id\":\"https:\/\/www.interpadelmedia.com\/en\/#\/schema\/logo\/image\/\"},\"sameAs\":[\"https:\/\/www.facebook.com\/profile.php?id=61564675752871\",\"https:\/\/x.com\/InterPadelMedia\",\"https:\/\/www.instagram.com\/interpadelmedia\/\",\"https:\/\/www.linkedin.com\/company\/asociacion-internacional-de-medios-de-padel\/posts\/?feedView=all\"]},{\"@type\":\"Person\",\"@id\":\"https:\/\/www.interpadelmedia.com\/en\/#\/schema\/person\/502cbc75e2b9e89f3d1a72ff9d25b780\",\"name\":\"Iv\u00e1n Hern\u00e1ndez\",\"image\":{\"@type\":\"ImageObject\",\"inLanguage\":\"en-US\",\"@id\":\"https:\/\/www.interpadelmedia.com\/en\/#\/schema\/person\/image\/\",\"url\":\"https:\/\/secure.gravatar.com\/avatar\/6174e34f1a6d0d33c4e5ce65a3012cf6322775297114f2d698da6b4576af20bd?s=96&d=mm&r=g\",\"contentUrl\":\"https:\/\/secure.gravatar.com\/avatar\/6174e34f1a6d0d33c4e5ce65a3012cf6322775297114f2d698da6b4576af20bd?s=96&d=mm&r=g\",\"caption\":\"Iv\u00e1n Hern\u00e1ndez\"}}]}<\/script>\n<!-- \/ Yoast SEO plugin. -->","yoast_head_json":{"title":"Oysho becomes Presenting & Apparel Partner of the Comunidad de Madrid Premier Padel P1","description":"Oysho expands its presence on the Qatar Airways Premier Padel Tour as Presenting & Apparel Partner of the Comunidad de Madrid Premier Padel P1.","robots":{"index":"index","follow":"follow","max-snippet":"max-snippet:-1","max-image-preview":"max-image-preview:large","max-video-preview":"max-video-preview:-1"},"canonical":"https:\/\/www.interpadelmedia.com\/en\/oysho-accelerates-in-the-professional-padel-circuit\/","og_locale":"en_US","og_type":"article","og_title":"Oysho strengthens its commitment to padel as Presenting Partner of Madrid Premier Padel P1","og_description":"Oysho continues to grow in professional padel, becoming Presenting & Apparel Partner of the Comunidad de Madrid Premier Padel P1 on the Premier Padel Tour.","og_url":"https:\/\/www.interpadelmedia.com\/en\/oysho-accelerates-in-the-professional-padel-circuit\/","og_site_name":"International Padel Media Association (IPMA)","article_publisher":"https:\/\/www.facebook.com\/profile.php?id=61564675752871","article_published_time":"2026-03-12T17:20:56+00:00","article_modified_time":"2026-03-12T17:29:28+00:00","og_image":[{"width":2048,"height":1365,"url":"https:\/\/www.interpadelmedia.com\/wp-content\/uploads\/2026\/03\/Oysho.jpeg","type":"image\/jpeg"}],"author":"Iv\u00e1n Hern\u00e1ndez","twitter_card":"summary_large_image","twitter_title":"Oysho strengthens its commitment to padel as Presenting Partner of Madrid Premier Padel P1","twitter_description":"Oysho continues to grow in professional padel, becoming Presenting & Apparel Partner of the Comunidad de Madrid Premier Padel P1 on the Premier Padel Tour.","twitter_image":"https:\/\/www.interpadelmedia.com\/wp-content\/uploads\/2026\/03\/Oysho.jpeg","twitter_creator":"@InterPadelMedia","twitter_site":"@InterPadelMedia","twitter_misc":{"Written by":"Iv\u00e1n Hern\u00e1ndez","Est. reading time":"2 minutes"},"schema":{"@context":"https:\/\/schema.org","@graph":[{"@type":"Article","@id":"https:\/\/www.interpadelmedia.com\/en\/oysho-accelerates-in-the-professional-padel-circuit\/#article","isPartOf":{"@id":"https:\/\/www.interpadelmedia.com\/en\/oysho-accelerates-in-the-professional-padel-circuit\/"},"author":{"name":"Iv\u00e1n Hern\u00e1ndez","@id":"https:\/\/www.interpadelmedia.com\/en\/#\/schema\/person\/502cbc75e2b9e89f3d1a72ff9d25b780"},"headline":"OYSHO ACCELERATES IN THE PROFESSIONAL PADEL CIRCUIT","datePublished":"2026-03-12T17:20:56+00:00","dateModified":"2026-03-12T17:29:28+00:00","mainEntityOfPage":{"@id":"https:\/\/www.interpadelmedia.com\/en\/oysho-accelerates-in-the-professional-padel-circuit\/"},"wordCount":215,"publisher":{"@id":"https:\/\/www.interpadelmedia.com\/en\/#organization"},"image":{"@id":"https:\/\/www.interpadelmedia.com\/en\/oysho-accelerates-in-the-professional-padel-circuit\/#primaryimage"},"thumbnailUrl":"https:\/\/www.interpadelmedia.com\/wp-content\/uploads\/2026\/03\/Oysho.jpeg","articleSection":["News"],"inLanguage":"en-US"},{"@type":"WebPage","@id":"https:\/\/www.interpadelmedia.com\/en\/oysho-accelerates-in-the-professional-padel-circuit\/","url":"https:\/\/www.interpadelmedia.com\/en\/oysho-accelerates-in-the-professional-padel-circuit\/","name":"Oysho becomes Presenting & Apparel Partner of the Comunidad de Madrid Premier Padel P1","isPartOf":{"@id":"https:\/\/www.interpadelmedia.com\/en\/#website"},"primaryImageOfPage":{"@id":"https:\/\/www.interpadelmedia.com\/en\/oysho-accelerates-in-the-professional-padel-circuit\/#primaryimage"},"image":{"@id":"https:\/\/www.interpadelmedia.com\/en\/oysho-accelerates-in-the-professional-padel-circuit\/#primaryimage"},"thumbnailUrl":"https:\/\/www.interpadelmedia.com\/wp-content\/uploads\/2026\/03\/Oysho.jpeg","datePublished":"2026-03-12T17:20:56+00:00","dateModified":"2026-03-12T17:29:28+00:00","description":"Oysho expands its presence on the Qatar Airways Premier Padel Tour as Presenting & Apparel Partner of the Comunidad de Madrid Premier Padel P1.","breadcrumb":{"@id":"https:\/\/www.interpadelmedia.com\/en\/oysho-accelerates-in-the-professional-padel-circuit\/#breadcrumb"},"inLanguage":"en-US","potentialAction":[{"@type":"ReadAction","target":["https:\/\/www.interpadelmedia.com\/en\/oysho-accelerates-in-the-professional-padel-circuit\/"]}]},{"@type":"ImageObject","inLanguage":"en-US","@id":"https:\/\/www.interpadelmedia.com\/en\/oysho-accelerates-in-the-professional-padel-circuit\/#primaryimage","url":"https:\/\/www.interpadelmedia.com\/wp-content\/uploads\/2026\/03\/Oysho.jpeg","contentUrl":"https:\/\/www.interpadelmedia.com\/wp-content\/uploads\/2026\/03\/Oysho.jpeg","width":2048,"height":1365},{"@type":"BreadcrumbList","@id":"https:\/\/www.interpadelmedia.com\/en\/oysho-accelerates-in-the-professional-padel-circuit\/#breadcrumb","itemListElement":[{"@type":"ListItem","position":1,"name":"Portada","item":"https:\/\/www.interpadelmedia.com\/en\/"},{"@type":"ListItem","position":2,"name":"OYSHO ACCELERATES IN THE PROFESSIONAL PADEL CIRCUIT"}]},{"@type":"WebSite","@id":"https:\/\/www.interpadelmedia.com\/en\/#website","url":"https:\/\/www.interpadelmedia.com\/en\/","name":"Asociaci\u00f3n Internacional de Medios de P\u00e1del","description":"El p\u00e1del une","publisher":{"@id":"https:\/\/www.interpadelmedia.com\/en\/#organization"},"alternateName":"International Padel Media Association","potentialAction":[{"@type":"SearchAction","target":{"@type":"EntryPoint","urlTemplate":"https:\/\/www.interpadelmedia.com\/en\/?s={search_term_string}"},"query-input":{"@type":"PropertyValueSpecification","valueRequired":true,"valueName":"search_term_string"}}],"inLanguage":"en-US"},{"@type":"Organization","@id":"https:\/\/www.interpadelmedia.com\/en\/#organization","name":"Asociaci\u00f3n Internacional de Medios de P\u00e1del","alternateName":"International Padel Media Association","url":"https:\/\/www.interpadelmedia.com\/en\/","logo":{"@type":"ImageObject","inLanguage":"en-US","@id":"https:\/\/www.interpadelmedia.com\/en\/#\/schema\/logo\/image\/","url":"https:\/\/www.interpadelmedia.com\/wp-content\/uploads\/2025\/06\/Logo_verde_1_1.png","contentUrl":"https:\/\/www.interpadelmedia.com\/wp-content\/uploads\/2025\/06\/Logo_verde_1_1.png","width":250,"height":250,"caption":"Asociaci\u00f3n Internacional de Medios de P\u00e1del"},"image":{"@id":"https:\/\/www.interpadelmedia.com\/en\/#\/schema\/logo\/image\/"},"sameAs":["https:\/\/www.facebook.com\/profile.php?id=61564675752871","https:\/\/x.com\/InterPadelMedia","https:\/\/www.instagram.com\/interpadelmedia\/","https:\/\/www.linkedin.com\/company\/asociacion-internacional-de-medios-de-padel\/posts\/?feedView=all"]},{"@type":"Person","@id":"https:\/\/www.interpadelmedia.com\/en\/#\/schema\/person\/502cbc75e2b9e89f3d1a72ff9d25b780","name":"Iv\u00e1n Hern\u00e1ndez","image":{"@type":"ImageObject","inLanguage":"en-US","@id":"https:\/\/www.interpadelmedia.com\/en\/#\/schema\/person\/image\/","url":"https:\/\/secure.gravatar.com\/avatar\/6174e34f1a6d0d33c4e5ce65a3012cf6322775297114f2d698da6b4576af20bd?s=96&d=mm&r=g","contentUrl":"https:\/\/secure.gravatar.com\/avatar\/6174e34f1a6d0d33c4e5ce65a3012cf6322775297114f2d698da6b4576af20bd?s=96&d=mm&r=g","caption":"Iv\u00e1n Hern\u00e1ndez"}}]}},"_links":{"self":[{"href":"https:\/\/www.interpadelmedia.com\/en\/wp-json\/wp\/v2\/posts\/3090","targetHints":{"allow":["GET"]}}],"collection":[{"href":"https:\/\/www.interpadelmedia.com\/en\/wp-json\/wp\/v2\/posts"}],"about":[{"href":"https:\/\/www.interpadelmedia.com\/en\/wp-json\/wp\/v2\/types\/post"}],"author":[{"embeddable":true,"href":"https:\/\/www.interpadelmedia.com\/en\/wp-json\/wp\/v2\/users\/2"}],"replies":[{"embeddable":true,"href":"https:\/\/www.interpadelmedia.com\/en\/wp-json\/wp\/v2\/comments?post=3090"}],"version-history":[{"count":1,"href":"https:\/\/www.interpadelmedia.com\/en\/wp-json\/wp\/v2\/posts\/3090\/revisions"}],"predecessor-version":[{"id":3091,"href":"https:\/\/www.interpadelmedia.com\/en\/wp-json\/wp\/v2\/posts\/3090\/revisions\/3091"}],"wp:featuredmedia":[{"embeddable":true,"href":"https:\/\/www.interpadelmedia.com\/en\/wp-json\/wp\/v2\/media\/3089"}],"wp:attachment":[{"href":"https:\/\/www.interpadelmedia.com\/en\/wp-json\/wp\/v2\/media?parent=3090"}],"wp:term":[{"taxonomy":"category","embeddable":true,"href":"https:\/\/www.interpadelmedia.com\/en\/wp-json\/wp\/v2\/categories?post=3090"},{"taxonomy":"post_tag","embeddable":true,"href":"https:\/\/www.interpadelmedia.com\/en\/wp-json\/wp\/v2\/tags?post=3090"}],"curies":[{"name":"wp","href":"https:\/\/api.w.org\/{rel}","templated":true}]}}