{"id":3064,"date":"2026-03-11T18:18:17","date_gmt":"2026-03-11T17:18:17","guid":{"rendered":"https:\/\/www.interpadelmedia.com\/?p=3064"},"modified":"2026-03-11T18:18:18","modified_gmt":"2026-03-11T17:18:18","slug":"worlds-top-padel-players-face-off-against-fans-to-mark-premier-padel-p1-london-arriving-in-the-capital-this-summer","status":"publish","type":"post","link":"https:\/\/www.interpadelmedia.com\/en\/worlds-top-padel-players-face-off-against-fans-to-mark-premier-padel-p1-london-arriving-in-the-capital-this-summer\/","title":{"rendered":"World\u2019s top padel players face-off against fans to mark Premier Padel P1 London arriving in the capital this summer"},"content":{"rendered":"\n<p><strong><em>Premier Padel P1 will make its UK debut in London in August 2026 as part of a multi-year partnership between Sela and Premier Padel P1.<\/em><\/strong><\/p>\n\n\n\n<p><strong>Wednesday 11th&nbsp;March, London, UK&nbsp;\u2013&nbsp;<\/strong>Yesterday top padel players Ariana S\u00e1nchez (No. 3), Alejandra Salazar (No. 12) and Lucas Campagnolo (No. 25) took to North London courts to play celebrity padel enthusiasts, including Traitors winner Harry Clark, Love Island star Luca Bish and ex-Tottenham Hotspur and England striker Darren Bent, as the UK gets ready to host major padel tournament later this year.<\/p>\n\n\n\n<p>In a summer packed with sport, Premier Padel P1 will debut from 3rd-9th August 2026 in London as part of the Qatar Airways Premier Padel Tour, giving UK fans the chance to watch the world\u2019s elite men\u2019s and women\u2019s players live in action for the first time. The global tour also plays a key role in the sport\u2019s international growth and long-term ambition to become an Olympic discipline through the International Padel Federation.<\/p>\n\n\n\n<p>Sela will deliver the event in collaboration with Premier Padel, with the Lawn Tennis Association (LTA) supporting the launch as part of its wider commitment to the development of padel in the UK. The London tournament underscores a joint ambition to establish padel as an elite spectator sport in the UK.<\/p>\n\n\n\n<p>The introduction of elite-level competition to the UK seeks to build padel fandom, inspire the next generation of players in a new market and strengthen the sport\u2019s professional pathway throughout Britain.<\/p>\n\n\n\n<p>The LTA are due to release participation figures shortly but there are now over three quarters of a million padel players in Britain, as the UK aims to turn the boom in interest into long-term participation by making the sport more accessible for all.<\/p>\n\n\n\n<p>In line with this commitment to accessibility, as event delivery partner, Sela will be offering tickets to watch Premier Padel London for under-16s at accessible price points.<\/p>\n\n\n\n<p><strong>Former Premier League football star, Darren Bent, said:<\/strong><\/p>\n\n\n\n<p>&#8220;Padel is my favourite sport to play, it\u2019s a great way to get out, socialise and be active with mates. I\u2019ve loved every minute of today, getting to play against the best in the world! I\u2019m so excited to see padel come to the London and I\u2019ll definitely be trying to grab tickets to go this August to the London Premier Padel P1.\u201d<\/p>\n\n\n\n<p><strong>Ariana S\u00e1nchez, FIP World Champion &amp; World Number 3 said:<\/strong><\/p>\n\n\n\n<p>&#8220;I\u2019ve really enjoyed playing here in London today and I\u2019m now even more excited to compete in front of British crowds for the first time. London is an amazing city with an amazing atmosphere and lots of padel fans. I\u2019ve had my own experience playing in front of a home crowd on the Premier Padel circuit so I\u2019m super happy that British players will now have the same chance. Hopefully the London Premier Padel P1 tournament can help bring in more fans and get more people inspired to pick up a racket.&#8221;<\/p>\n\n\n\n<p>To see the world\u2019s best players in action this summer, fans can register for the official pre-sale and receive a discounted rate at&nbsp;<a href=\"http:\/\/www.londonp1.com\/\" target=\"_blank\" rel=\"noreferrer noopener\">www.londonp1.com<\/a>.<\/p>\n","protected":false},"excerpt":{"rendered":"<p>Ariana S\u00e1nchez, Alejandra Salazar and Lucas Campagnolo promoted the upcoming Premier Padel London P1, set for August 3\u20139, 2026, bringing elite padel to British fans.<\/p>\n","protected":false},"author":2,"featured_media":3065,"comment_status":"closed","ping_status":"closed","sticky":false,"template":"","format":"standard","meta":{"footnotes":""},"categories":[1],"tags":[],"class_list":["post-3064","post","type-post","status-publish","format-standard","has-post-thumbnail","hentry","category-news"],"yoast_head":"<!-- This site is optimized with the Yoast SEO plugin v26.5 - https:\/\/yoast.com\/wordpress\/plugins\/seo\/ -->\n<title>Premier Padel London P1 2026: Ariana S\u00e1nchez and stars promote the tour ahead of August debut<\/title>\n<meta name=\"description\" content=\"London prepares for the Premier Padel P1 debut from August 3\u20139, 2026, as Ariana S\u00e1nchez and top players join celebrities to promote the event.\" \/>\n<meta name=\"robots\" content=\"index, follow, max-snippet:-1, max-image-preview:large, max-video-preview:-1\" \/>\n<link rel=\"canonical\" href=\"https:\/\/www.interpadelmedia.com\/en\/worlds-top-padel-players-face-off-against-fans-to-mark-premier-padel-p1-london-arriving-in-the-capital-this-summer\/\" \/>\n<meta property=\"og:locale\" content=\"en_US\" \/>\n<meta property=\"og:type\" content=\"article\" \/>\n<meta property=\"og:title\" content=\"London gets ready for Premier Padel P1 as Ariana S\u00e1nchez and stars play celebrity match\" \/>\n<meta property=\"og:description\" content=\"Padel fever hits London. Ariana S\u00e1nchez, Alejandra Salazar and Lucas Campagnolo joined celebrities on court ahead of the Premier Padel London P1 debut this August\" \/>\n<meta property=\"og:url\" content=\"https:\/\/www.interpadelmedia.com\/en\/worlds-top-padel-players-face-off-against-fans-to-mark-premier-padel-p1-london-arriving-in-the-capital-this-summer\/\" \/>\n<meta property=\"og:site_name\" content=\"International Padel Media Association (IPMA)\" \/>\n<meta property=\"article:publisher\" content=\"https:\/\/www.facebook.com\/profile.php?id=61564675752871\" \/>\n<meta property=\"article:published_time\" content=\"2026-03-11T17:18:17+00:00\" \/>\n<meta property=\"article:modified_time\" content=\"2026-03-11T17:18:18+00:00\" \/>\n<meta property=\"og:image\" content=\"https:\/\/www.interpadelmedia.com\/wp-content\/uploads\/2026\/03\/London-P1-web-1.png\" \/>\n\t<meta property=\"og:image:width\" content=\"1500\" \/>\n\t<meta property=\"og:image:height\" content=\"1000\" \/>\n\t<meta property=\"og:image:type\" content=\"image\/png\" \/>\n<meta name=\"author\" content=\"Iv\u00e1n Hern\u00e1ndez\" \/>\n<meta name=\"twitter:card\" content=\"summary_large_image\" \/>\n<meta name=\"twitter:title\" content=\"London gets ready for Premier Padel P1 as Ariana S\u00e1nchez and stars play celebrity match\" \/>\n<meta name=\"twitter:description\" content=\"Padel fever hits London. Ariana S\u00e1nchez, Alejandra Salazar and Lucas Campagnolo joined celebrities on court ahead of the Premier Padel London P1 debut this August\" \/>\n<meta name=\"twitter:image\" content=\"https:\/\/www.interpadelmedia.com\/wp-content\/uploads\/2026\/03\/London-P1-web-1.png\" \/>\n<meta name=\"twitter:creator\" content=\"@InterPadelMedia\" \/>\n<meta name=\"twitter:site\" content=\"@InterPadelMedia\" \/>\n<meta name=\"twitter:label1\" content=\"Written by\" \/>\n\t<meta name=\"twitter:data1\" content=\"Iv\u00e1n Hern\u00e1ndez\" \/>\n\t<meta name=\"twitter:label2\" content=\"Est. reading time\" \/>\n\t<meta name=\"twitter:data2\" content=\"3 minutes\" \/>\n<script type=\"application\/ld+json\" class=\"yoast-schema-graph\">{\"@context\":\"https:\/\/schema.org\",\"@graph\":[{\"@type\":\"Article\",\"@id\":\"https:\/\/www.interpadelmedia.com\/en\/worlds-top-padel-players-face-off-against-fans-to-mark-premier-padel-p1-london-arriving-in-the-capital-this-summer\/#article\",\"isPartOf\":{\"@id\":\"https:\/\/www.interpadelmedia.com\/en\/worlds-top-padel-players-face-off-against-fans-to-mark-premier-padel-p1-london-arriving-in-the-capital-this-summer\/\"},\"author\":{\"name\":\"Iv\u00e1n Hern\u00e1ndez\",\"@id\":\"https:\/\/www.interpadelmedia.com\/en\/#\/schema\/person\/502cbc75e2b9e89f3d1a72ff9d25b780\"},\"headline\":\"World\u2019s top padel players face-off against fans to mark Premier Padel P1 London arriving in the capital this summer\",\"datePublished\":\"2026-03-11T17:18:17+00:00\",\"dateModified\":\"2026-03-11T17:18:18+00:00\",\"mainEntityOfPage\":{\"@id\":\"https:\/\/www.interpadelmedia.com\/en\/worlds-top-padel-players-face-off-against-fans-to-mark-premier-padel-p1-london-arriving-in-the-capital-this-summer\/\"},\"wordCount\":549,\"publisher\":{\"@id\":\"https:\/\/www.interpadelmedia.com\/en\/#organization\"},\"image\":{\"@id\":\"https:\/\/www.interpadelmedia.com\/en\/worlds-top-padel-players-face-off-against-fans-to-mark-premier-padel-p1-london-arriving-in-the-capital-this-summer\/#primaryimage\"},\"thumbnailUrl\":\"https:\/\/www.interpadelmedia.com\/wp-content\/uploads\/2026\/03\/London-P1-web-1.png\",\"articleSection\":[\"News\"],\"inLanguage\":\"en-US\"},{\"@type\":\"WebPage\",\"@id\":\"https:\/\/www.interpadelmedia.com\/en\/worlds-top-padel-players-face-off-against-fans-to-mark-premier-padel-p1-london-arriving-in-the-capital-this-summer\/\",\"url\":\"https:\/\/www.interpadelmedia.com\/en\/worlds-top-padel-players-face-off-against-fans-to-mark-premier-padel-p1-london-arriving-in-the-capital-this-summer\/\",\"name\":\"Premier Padel London P1 2026: Ariana S\u00e1nchez and stars promote the tour ahead of August debut\",\"isPartOf\":{\"@id\":\"https:\/\/www.interpadelmedia.com\/en\/#website\"},\"primaryImageOfPage\":{\"@id\":\"https:\/\/www.interpadelmedia.com\/en\/worlds-top-padel-players-face-off-against-fans-to-mark-premier-padel-p1-london-arriving-in-the-capital-this-summer\/#primaryimage\"},\"image\":{\"@id\":\"https:\/\/www.interpadelmedia.com\/en\/worlds-top-padel-players-face-off-against-fans-to-mark-premier-padel-p1-london-arriving-in-the-capital-this-summer\/#primaryimage\"},\"thumbnailUrl\":\"https:\/\/www.interpadelmedia.com\/wp-content\/uploads\/2026\/03\/London-P1-web-1.png\",\"datePublished\":\"2026-03-11T17:18:17+00:00\",\"dateModified\":\"2026-03-11T17:18:18+00:00\",\"description\":\"London prepares for the Premier Padel P1 debut from August 3\u20139, 2026, as Ariana S\u00e1nchez and top players join celebrities to promote the event.\",\"breadcrumb\":{\"@id\":\"https:\/\/www.interpadelmedia.com\/en\/worlds-top-padel-players-face-off-against-fans-to-mark-premier-padel-p1-london-arriving-in-the-capital-this-summer\/#breadcrumb\"},\"inLanguage\":\"en-US\",\"potentialAction\":[{\"@type\":\"ReadAction\",\"target\":[\"https:\/\/www.interpadelmedia.com\/en\/worlds-top-padel-players-face-off-against-fans-to-mark-premier-padel-p1-london-arriving-in-the-capital-this-summer\/\"]}]},{\"@type\":\"ImageObject\",\"inLanguage\":\"en-US\",\"@id\":\"https:\/\/www.interpadelmedia.com\/en\/worlds-top-padel-players-face-off-against-fans-to-mark-premier-padel-p1-london-arriving-in-the-capital-this-summer\/#primaryimage\",\"url\":\"https:\/\/www.interpadelmedia.com\/wp-content\/uploads\/2026\/03\/London-P1-web-1.png\",\"contentUrl\":\"https:\/\/www.interpadelmedia.com\/wp-content\/uploads\/2026\/03\/London-P1-web-1.png\",\"width\":1500,\"height\":1000},{\"@type\":\"BreadcrumbList\",\"@id\":\"https:\/\/www.interpadelmedia.com\/en\/worlds-top-padel-players-face-off-against-fans-to-mark-premier-padel-p1-london-arriving-in-the-capital-this-summer\/#breadcrumb\",\"itemListElement\":[{\"@type\":\"ListItem\",\"position\":1,\"name\":\"Portada\",\"item\":\"https:\/\/www.interpadelmedia.com\/en\/\"},{\"@type\":\"ListItem\",\"position\":2,\"name\":\"World\u2019s top padel players face-off against fans to mark Premier Padel P1 London arriving in the capital this summer\"}]},{\"@type\":\"WebSite\",\"@id\":\"https:\/\/www.interpadelmedia.com\/en\/#website\",\"url\":\"https:\/\/www.interpadelmedia.com\/en\/\",\"name\":\"Asociaci\u00f3n Internacional de Medios de P\u00e1del\",\"description\":\"El p\u00e1del une\",\"publisher\":{\"@id\":\"https:\/\/www.interpadelmedia.com\/en\/#organization\"},\"alternateName\":\"International Padel Media Association\",\"potentialAction\":[{\"@type\":\"SearchAction\",\"target\":{\"@type\":\"EntryPoint\",\"urlTemplate\":\"https:\/\/www.interpadelmedia.com\/en\/?s={search_term_string}\"},\"query-input\":{\"@type\":\"PropertyValueSpecification\",\"valueRequired\":true,\"valueName\":\"search_term_string\"}}],\"inLanguage\":\"en-US\"},{\"@type\":\"Organization\",\"@id\":\"https:\/\/www.interpadelmedia.com\/en\/#organization\",\"name\":\"Asociaci\u00f3n Internacional de Medios de P\u00e1del\",\"alternateName\":\"International Padel Media Association\",\"url\":\"https:\/\/www.interpadelmedia.com\/en\/\",\"logo\":{\"@type\":\"ImageObject\",\"inLanguage\":\"en-US\",\"@id\":\"https:\/\/www.interpadelmedia.com\/en\/#\/schema\/logo\/image\/\",\"url\":\"https:\/\/www.interpadelmedia.com\/wp-content\/uploads\/2025\/06\/Logo_verde_1_1.png\",\"contentUrl\":\"https:\/\/www.interpadelmedia.com\/wp-content\/uploads\/2025\/06\/Logo_verde_1_1.png\",\"width\":250,\"height\":250,\"caption\":\"Asociaci\u00f3n Internacional de Medios de P\u00e1del\"},\"image\":{\"@id\":\"https:\/\/www.interpadelmedia.com\/en\/#\/schema\/logo\/image\/\"},\"sameAs\":[\"https:\/\/www.facebook.com\/profile.php?id=61564675752871\",\"https:\/\/x.com\/InterPadelMedia\",\"https:\/\/www.instagram.com\/interpadelmedia\/\",\"https:\/\/www.linkedin.com\/company\/asociacion-internacional-de-medios-de-padel\/posts\/?feedView=all\"]},{\"@type\":\"Person\",\"@id\":\"https:\/\/www.interpadelmedia.com\/en\/#\/schema\/person\/502cbc75e2b9e89f3d1a72ff9d25b780\",\"name\":\"Iv\u00e1n Hern\u00e1ndez\",\"image\":{\"@type\":\"ImageObject\",\"inLanguage\":\"en-US\",\"@id\":\"https:\/\/www.interpadelmedia.com\/en\/#\/schema\/person\/image\/\",\"url\":\"https:\/\/secure.gravatar.com\/avatar\/6174e34f1a6d0d33c4e5ce65a3012cf6322775297114f2d698da6b4576af20bd?s=96&d=mm&r=g\",\"contentUrl\":\"https:\/\/secure.gravatar.com\/avatar\/6174e34f1a6d0d33c4e5ce65a3012cf6322775297114f2d698da6b4576af20bd?s=96&d=mm&r=g\",\"caption\":\"Iv\u00e1n Hern\u00e1ndez\"}}]}<\/script>\n<!-- \/ Yoast SEO plugin. -->","yoast_head_json":{"title":"Premier Padel London P1 2026: Ariana S\u00e1nchez and stars promote the tour ahead of August debut","description":"London prepares for the Premier Padel P1 debut from August 3\u20139, 2026, as Ariana S\u00e1nchez and top players join celebrities to promote the event.","robots":{"index":"index","follow":"follow","max-snippet":"max-snippet:-1","max-image-preview":"max-image-preview:large","max-video-preview":"max-video-preview:-1"},"canonical":"https:\/\/www.interpadelmedia.com\/en\/worlds-top-padel-players-face-off-against-fans-to-mark-premier-padel-p1-london-arriving-in-the-capital-this-summer\/","og_locale":"en_US","og_type":"article","og_title":"London gets ready for Premier Padel P1 as Ariana S\u00e1nchez and stars play celebrity match","og_description":"Padel fever hits London. Ariana S\u00e1nchez, Alejandra Salazar and Lucas Campagnolo joined celebrities on court ahead of the Premier Padel London P1 debut this August","og_url":"https:\/\/www.interpadelmedia.com\/en\/worlds-top-padel-players-face-off-against-fans-to-mark-premier-padel-p1-london-arriving-in-the-capital-this-summer\/","og_site_name":"International Padel Media Association (IPMA)","article_publisher":"https:\/\/www.facebook.com\/profile.php?id=61564675752871","article_published_time":"2026-03-11T17:18:17+00:00","article_modified_time":"2026-03-11T17:18:18+00:00","og_image":[{"width":1500,"height":1000,"url":"https:\/\/www.interpadelmedia.com\/wp-content\/uploads\/2026\/03\/London-P1-web-1.png","type":"image\/png"}],"author":"Iv\u00e1n Hern\u00e1ndez","twitter_card":"summary_large_image","twitter_title":"London gets ready for Premier Padel P1 as Ariana S\u00e1nchez and stars play celebrity match","twitter_description":"Padel fever hits London. Ariana S\u00e1nchez, Alejandra Salazar and Lucas Campagnolo joined celebrities on court ahead of the Premier Padel London P1 debut this August","twitter_image":"https:\/\/www.interpadelmedia.com\/wp-content\/uploads\/2026\/03\/London-P1-web-1.png","twitter_creator":"@InterPadelMedia","twitter_site":"@InterPadelMedia","twitter_misc":{"Written by":"Iv\u00e1n Hern\u00e1ndez","Est. reading time":"3 minutes"},"schema":{"@context":"https:\/\/schema.org","@graph":[{"@type":"Article","@id":"https:\/\/www.interpadelmedia.com\/en\/worlds-top-padel-players-face-off-against-fans-to-mark-premier-padel-p1-london-arriving-in-the-capital-this-summer\/#article","isPartOf":{"@id":"https:\/\/www.interpadelmedia.com\/en\/worlds-top-padel-players-face-off-against-fans-to-mark-premier-padel-p1-london-arriving-in-the-capital-this-summer\/"},"author":{"name":"Iv\u00e1n Hern\u00e1ndez","@id":"https:\/\/www.interpadelmedia.com\/en\/#\/schema\/person\/502cbc75e2b9e89f3d1a72ff9d25b780"},"headline":"World\u2019s top padel players face-off against fans to mark Premier Padel P1 London arriving in the capital this summer","datePublished":"2026-03-11T17:18:17+00:00","dateModified":"2026-03-11T17:18:18+00:00","mainEntityOfPage":{"@id":"https:\/\/www.interpadelmedia.com\/en\/worlds-top-padel-players-face-off-against-fans-to-mark-premier-padel-p1-london-arriving-in-the-capital-this-summer\/"},"wordCount":549,"publisher":{"@id":"https:\/\/www.interpadelmedia.com\/en\/#organization"},"image":{"@id":"https:\/\/www.interpadelmedia.com\/en\/worlds-top-padel-players-face-off-against-fans-to-mark-premier-padel-p1-london-arriving-in-the-capital-this-summer\/#primaryimage"},"thumbnailUrl":"https:\/\/www.interpadelmedia.com\/wp-content\/uploads\/2026\/03\/London-P1-web-1.png","articleSection":["News"],"inLanguage":"en-US"},{"@type":"WebPage","@id":"https:\/\/www.interpadelmedia.com\/en\/worlds-top-padel-players-face-off-against-fans-to-mark-premier-padel-p1-london-arriving-in-the-capital-this-summer\/","url":"https:\/\/www.interpadelmedia.com\/en\/worlds-top-padel-players-face-off-against-fans-to-mark-premier-padel-p1-london-arriving-in-the-capital-this-summer\/","name":"Premier Padel London P1 2026: Ariana S\u00e1nchez and stars promote the tour ahead of August debut","isPartOf":{"@id":"https:\/\/www.interpadelmedia.com\/en\/#website"},"primaryImageOfPage":{"@id":"https:\/\/www.interpadelmedia.com\/en\/worlds-top-padel-players-face-off-against-fans-to-mark-premier-padel-p1-london-arriving-in-the-capital-this-summer\/#primaryimage"},"image":{"@id":"https:\/\/www.interpadelmedia.com\/en\/worlds-top-padel-players-face-off-against-fans-to-mark-premier-padel-p1-london-arriving-in-the-capital-this-summer\/#primaryimage"},"thumbnailUrl":"https:\/\/www.interpadelmedia.com\/wp-content\/uploads\/2026\/03\/London-P1-web-1.png","datePublished":"2026-03-11T17:18:17+00:00","dateModified":"2026-03-11T17:18:18+00:00","description":"London prepares for the Premier Padel P1 debut from August 3\u20139, 2026, as Ariana S\u00e1nchez and top players join celebrities to promote the event.","breadcrumb":{"@id":"https:\/\/www.interpadelmedia.com\/en\/worlds-top-padel-players-face-off-against-fans-to-mark-premier-padel-p1-london-arriving-in-the-capital-this-summer\/#breadcrumb"},"inLanguage":"en-US","potentialAction":[{"@type":"ReadAction","target":["https:\/\/www.interpadelmedia.com\/en\/worlds-top-padel-players-face-off-against-fans-to-mark-premier-padel-p1-london-arriving-in-the-capital-this-summer\/"]}]},{"@type":"ImageObject","inLanguage":"en-US","@id":"https:\/\/www.interpadelmedia.com\/en\/worlds-top-padel-players-face-off-against-fans-to-mark-premier-padel-p1-london-arriving-in-the-capital-this-summer\/#primaryimage","url":"https:\/\/www.interpadelmedia.com\/wp-content\/uploads\/2026\/03\/London-P1-web-1.png","contentUrl":"https:\/\/www.interpadelmedia.com\/wp-content\/uploads\/2026\/03\/London-P1-web-1.png","width":1500,"height":1000},{"@type":"BreadcrumbList","@id":"https:\/\/www.interpadelmedia.com\/en\/worlds-top-padel-players-face-off-against-fans-to-mark-premier-padel-p1-london-arriving-in-the-capital-this-summer\/#breadcrumb","itemListElement":[{"@type":"ListItem","position":1,"name":"Portada","item":"https:\/\/www.interpadelmedia.com\/en\/"},{"@type":"ListItem","position":2,"name":"World\u2019s top padel players face-off against fans to mark Premier Padel P1 London arriving in the capital this summer"}]},{"@type":"WebSite","@id":"https:\/\/www.interpadelmedia.com\/en\/#website","url":"https:\/\/www.interpadelmedia.com\/en\/","name":"Asociaci\u00f3n Internacional de Medios de P\u00e1del","description":"El p\u00e1del une","publisher":{"@id":"https:\/\/www.interpadelmedia.com\/en\/#organization"},"alternateName":"International Padel Media Association","potentialAction":[{"@type":"SearchAction","target":{"@type":"EntryPoint","urlTemplate":"https:\/\/www.interpadelmedia.com\/en\/?s={search_term_string}"},"query-input":{"@type":"PropertyValueSpecification","valueRequired":true,"valueName":"search_term_string"}}],"inLanguage":"en-US"},{"@type":"Organization","@id":"https:\/\/www.interpadelmedia.com\/en\/#organization","name":"Asociaci\u00f3n Internacional de Medios de P\u00e1del","alternateName":"International Padel Media Association","url":"https:\/\/www.interpadelmedia.com\/en\/","logo":{"@type":"ImageObject","inLanguage":"en-US","@id":"https:\/\/www.interpadelmedia.com\/en\/#\/schema\/logo\/image\/","url":"https:\/\/www.interpadelmedia.com\/wp-content\/uploads\/2025\/06\/Logo_verde_1_1.png","contentUrl":"https:\/\/www.interpadelmedia.com\/wp-content\/uploads\/2025\/06\/Logo_verde_1_1.png","width":250,"height":250,"caption":"Asociaci\u00f3n Internacional de Medios de P\u00e1del"},"image":{"@id":"https:\/\/www.interpadelmedia.com\/en\/#\/schema\/logo\/image\/"},"sameAs":["https:\/\/www.facebook.com\/profile.php?id=61564675752871","https:\/\/x.com\/InterPadelMedia","https:\/\/www.instagram.com\/interpadelmedia\/","https:\/\/www.linkedin.com\/company\/asociacion-internacional-de-medios-de-padel\/posts\/?feedView=all"]},{"@type":"Person","@id":"https:\/\/www.interpadelmedia.com\/en\/#\/schema\/person\/502cbc75e2b9e89f3d1a72ff9d25b780","name":"Iv\u00e1n Hern\u00e1ndez","image":{"@type":"ImageObject","inLanguage":"en-US","@id":"https:\/\/www.interpadelmedia.com\/en\/#\/schema\/person\/image\/","url":"https:\/\/secure.gravatar.com\/avatar\/6174e34f1a6d0d33c4e5ce65a3012cf6322775297114f2d698da6b4576af20bd?s=96&d=mm&r=g","contentUrl":"https:\/\/secure.gravatar.com\/avatar\/6174e34f1a6d0d33c4e5ce65a3012cf6322775297114f2d698da6b4576af20bd?s=96&d=mm&r=g","caption":"Iv\u00e1n Hern\u00e1ndez"}}]}},"_links":{"self":[{"href":"https:\/\/www.interpadelmedia.com\/en\/wp-json\/wp\/v2\/posts\/3064","targetHints":{"allow":["GET"]}}],"collection":[{"href":"https:\/\/www.interpadelmedia.com\/en\/wp-json\/wp\/v2\/posts"}],"about":[{"href":"https:\/\/www.interpadelmedia.com\/en\/wp-json\/wp\/v2\/types\/post"}],"author":[{"embeddable":true,"href":"https:\/\/www.interpadelmedia.com\/en\/wp-json\/wp\/v2\/users\/2"}],"replies":[{"embeddable":true,"href":"https:\/\/www.interpadelmedia.com\/en\/wp-json\/wp\/v2\/comments?post=3064"}],"version-history":[{"count":1,"href":"https:\/\/www.interpadelmedia.com\/en\/wp-json\/wp\/v2\/posts\/3064\/revisions"}],"predecessor-version":[{"id":3066,"href":"https:\/\/www.interpadelmedia.com\/en\/wp-json\/wp\/v2\/posts\/3064\/revisions\/3066"}],"wp:featuredmedia":[{"embeddable":true,"href":"https:\/\/www.interpadelmedia.com\/en\/wp-json\/wp\/v2\/media\/3065"}],"wp:attachment":[{"href":"https:\/\/www.interpadelmedia.com\/en\/wp-json\/wp\/v2\/media?parent=3064"}],"wp:term":[{"taxonomy":"category","embeddable":true,"href":"https:\/\/www.interpadelmedia.com\/en\/wp-json\/wp\/v2\/categories?post=3064"},{"taxonomy":"post_tag","embeddable":true,"href":"https:\/\/www.interpadelmedia.com\/en\/wp-json\/wp\/v2\/tags?post=3064"}],"curies":[{"name":"wp","href":"https:\/\/api.w.org\/{rel}","templated":true}]}}