{"id":3042,"date":"2026-02-27T19:11:08","date_gmt":"2026-02-27T18:11:08","guid":{"rendered":"https:\/\/www.interpadelmedia.com\/?p=3042"},"modified":"2026-02-27T19:16:13","modified_gmt":"2026-02-27T18:16:13","slug":"rafa-nadal-academy-padel-tour-expands-to-the-usa-in-2026-with-playtomic","status":"publish","type":"post","link":"https:\/\/www.interpadelmedia.com\/en\/rafa-nadal-academy-padel-tour-expands-to-the-usa-in-2026-with-playtomic\/","title":{"rendered":"Rafa Nadal Academy Padel Tour Expands to the USA in 2026 with Playtomic"},"content":{"rendered":"\n<p>Following its success in Spain and the launch of the circuit in Italy, the <strong>Rafa Nadal Academy Padel Tour <\/strong>continues to grow and will arrive in the <strong>United States in 2026 <\/strong>alongside <strong>Playtomic<\/strong>. This marks a strategic step in the internationalization of the amateur circuit, which combines sport, leisure, competition, and values, featuring four major events on U.S. soil.<\/p>\n\n\n\n<p><strong>The 2026 U.S. Calendar<\/strong> The &#8220;Rafa Nadal Academy Padel Tour USA by Playtomic&#8221; will consist of four stops:<\/p>\n\n\n\n<ol start=\"1\" class=\"wp-block-list\">\n<li><strong>Miami:<\/strong> March 13-15 at &#8220;Padel X.&#8221;<\/li>\n\n\n\n<li><strong>Austin:<\/strong> April 24-26 at &#8220;Padel 39.&#8221;<\/li>\n\n\n\n<li><strong>Miami:<\/strong> May 8-10 at &#8220;Ultra Padel Miami.&#8221;<\/li>\n\n\n\n<li><strong>New York City:<\/strong> The grand finale at &#8220;Reserve New York&#8221; in the heart of Manhattan.<\/li>\n<\/ol>\n\n\n\n<p>For this expansion, the Academy has partnered with <strong>Playtomic<\/strong>, the world\u2019s leading app for racket sports, and <strong>Babolat<\/strong>, a key strategic partner providing high-end equipment for participants and winners.<\/p>\n\n\n\n<p><strong>Statements from the Launch<\/strong> During the presentation at Club G24 in Madrid, Maribel Nadal, Deputy General Manager of the Academy, stated: <em>&#8220;After the great reception in Spain and Italy, jumping to the U.S. is a major milestone. Padel is growing spectacularly there, and partnering with Playtomic allows us to bring our methodology and values to new communities.&#8221;<\/em><\/p>\n\n\n\n<p>She was joined by padel star Franco Stupaczuk, local sports authorities, and former footballer Ezequiel Garay. Laura Rivas from Playtomic added: <em>&#8220;Our mission is to drive global growth through technology. We fully believe in this format that strengthens the community in such a key country for the future of padel.&#8221;<\/em><\/p>\n\n\n\n<p><strong>A Global Circuit<\/strong> The tour will also continue across Spain (visiting cities like Madrid, Seville, and Valencia) and Italy (Rome, Milan, Naples, etc.), with all roads leading back to the final event at the Rafa Nadal Academy in Manacor, Mallorca.<\/p>\n\n\n\n<p>Since 2016, the Academy has become a world-class destination for padel, featuring 19 top-tier courts and elite training programs. With this expansion, thousands of amateur players worldwide can now enjoy a championship that is causing a sensation both inside and outside of Spain.<\/p>\n","protected":false},"excerpt":{"rendered":"<p>The Rafa Nadal Academy expands its amateur padel circuit to the United States in 2026, featuring events in Miami, Austin, and New York with Playtomic.<\/p>\n","protected":false},"author":2,"featured_media":3041,"comment_status":"closed","ping_status":"closed","sticky":false,"template":"","format":"standard","meta":{"footnotes":""},"categories":[1],"tags":[],"class_list":["post-3042","post","type-post","status-publish","format-standard","has-post-thumbnail","hentry","category-news"],"yoast_head":"<!-- This site is optimized with the Yoast SEO plugin v26.5 - https:\/\/yoast.com\/wordpress\/plugins\/seo\/ -->\n<title>Rafa Nadal Academy Padel Tour Debuts in the USA with Playtomic<\/title>\n<meta name=\"description\" content=\"The Rafa Nadal Academy Padel Tour expands to the US in 2026. Join the amateur circuit in Miami, Austin, and NYC powered by Playtomic and Babolat.\" \/>\n<meta name=\"robots\" content=\"index, follow, max-snippet:-1, max-image-preview:large, max-video-preview:-1\" \/>\n<link rel=\"canonical\" href=\"https:\/\/www.interpadelmedia.com\/en\/rafa-nadal-academy-padel-tour-expands-to-the-usa-in-2026-with-playtomic\/\" \/>\n<meta property=\"og:locale\" content=\"en_US\" \/>\n<meta property=\"og:type\" content=\"article\" \/>\n<meta property=\"og:title\" content=\"\ud83c\udfbe Rafa Nadal\u2019s Padel Tour is heading to the USA\" \/>\n<meta property=\"og:description\" content=\"From Mallorca to Manhattan! The Rafa Nadal Academy Padel Tour by Playtomic lands in the US for 2026. Experience elite padel in Miami, Austin, and NYC. Don&#039;t miss out!\" \/>\n<meta property=\"og:url\" content=\"https:\/\/www.interpadelmedia.com\/en\/rafa-nadal-academy-padel-tour-expands-to-the-usa-in-2026-with-playtomic\/\" \/>\n<meta property=\"og:site_name\" content=\"International Padel Media Association (IPMA)\" \/>\n<meta property=\"article:publisher\" content=\"https:\/\/www.facebook.com\/profile.php?id=61564675752871\" \/>\n<meta property=\"article:published_time\" content=\"2026-02-27T18:11:08+00:00\" \/>\n<meta property=\"article:modified_time\" content=\"2026-02-27T18:16:13+00:00\" \/>\n<meta property=\"og:image\" content=\"https:\/\/www.interpadelmedia.com\/wp-content\/uploads\/2026\/02\/RNAPresentacion-RNAweb.png\" \/>\n\t<meta property=\"og:image:width\" content=\"1500\" \/>\n\t<meta property=\"og:image:height\" content=\"657\" \/>\n\t<meta property=\"og:image:type\" content=\"image\/png\" \/>\n<meta name=\"author\" content=\"Iv\u00e1n Hern\u00e1ndez\" \/>\n<meta name=\"twitter:card\" content=\"summary_large_image\" \/>\n<meta name=\"twitter:title\" content=\"\ud83c\udfbe Rafa Nadal\u2019s Padel Tour is heading to the USA\" \/>\n<meta name=\"twitter:description\" content=\"From Mallorca to Manhattan! The Rafa Nadal Academy Padel Tour by Playtomic lands in the US for 2026. Experience elite padel in Miami, Austin, and NYC. Don&#039;t miss out!\" \/>\n<meta name=\"twitter:image\" content=\"https:\/\/www.interpadelmedia.com\/wp-content\/uploads\/2026\/02\/RNAPresentacion-RNAweb.png\" \/>\n<meta name=\"twitter:creator\" content=\"@InterPadelMedia\" \/>\n<meta name=\"twitter:site\" content=\"@InterPadelMedia\" \/>\n<meta name=\"twitter:label1\" content=\"Written by\" \/>\n\t<meta name=\"twitter:data1\" content=\"Iv\u00e1n Hern\u00e1ndez\" \/>\n\t<meta name=\"twitter:label2\" content=\"Est. reading time\" \/>\n\t<meta name=\"twitter:data2\" content=\"2 minutes\" \/>\n<script type=\"application\/ld+json\" class=\"yoast-schema-graph\">{\"@context\":\"https:\/\/schema.org\",\"@graph\":[{\"@type\":\"Article\",\"@id\":\"https:\/\/www.interpadelmedia.com\/en\/rafa-nadal-academy-padel-tour-expands-to-the-usa-in-2026-with-playtomic\/#article\",\"isPartOf\":{\"@id\":\"https:\/\/www.interpadelmedia.com\/en\/rafa-nadal-academy-padel-tour-expands-to-the-usa-in-2026-with-playtomic\/\"},\"author\":{\"name\":\"Iv\u00e1n Hern\u00e1ndez\",\"@id\":\"https:\/\/www.interpadelmedia.com\/en\/#\/schema\/person\/502cbc75e2b9e89f3d1a72ff9d25b780\"},\"headline\":\"Rafa Nadal Academy Padel Tour Expands to the USA in 2026 with Playtomic\",\"datePublished\":\"2026-02-27T18:11:08+00:00\",\"dateModified\":\"2026-02-27T18:16:13+00:00\",\"mainEntityOfPage\":{\"@id\":\"https:\/\/www.interpadelmedia.com\/en\/rafa-nadal-academy-padel-tour-expands-to-the-usa-in-2026-with-playtomic\/\"},\"wordCount\":341,\"publisher\":{\"@id\":\"https:\/\/www.interpadelmedia.com\/en\/#organization\"},\"image\":{\"@id\":\"https:\/\/www.interpadelmedia.com\/en\/rafa-nadal-academy-padel-tour-expands-to-the-usa-in-2026-with-playtomic\/#primaryimage\"},\"thumbnailUrl\":\"https:\/\/www.interpadelmedia.com\/wp-content\/uploads\/2026\/02\/RNAPresentacion-RNAweb.png\",\"articleSection\":[\"News\"],\"inLanguage\":\"en-US\"},{\"@type\":\"WebPage\",\"@id\":\"https:\/\/www.interpadelmedia.com\/en\/rafa-nadal-academy-padel-tour-expands-to-the-usa-in-2026-with-playtomic\/\",\"url\":\"https:\/\/www.interpadelmedia.com\/en\/rafa-nadal-academy-padel-tour-expands-to-the-usa-in-2026-with-playtomic\/\",\"name\":\"Rafa Nadal Academy Padel Tour Debuts in the USA with Playtomic\",\"isPartOf\":{\"@id\":\"https:\/\/www.interpadelmedia.com\/en\/#website\"},\"primaryImageOfPage\":{\"@id\":\"https:\/\/www.interpadelmedia.com\/en\/rafa-nadal-academy-padel-tour-expands-to-the-usa-in-2026-with-playtomic\/#primaryimage\"},\"image\":{\"@id\":\"https:\/\/www.interpadelmedia.com\/en\/rafa-nadal-academy-padel-tour-expands-to-the-usa-in-2026-with-playtomic\/#primaryimage\"},\"thumbnailUrl\":\"https:\/\/www.interpadelmedia.com\/wp-content\/uploads\/2026\/02\/RNAPresentacion-RNAweb.png\",\"datePublished\":\"2026-02-27T18:11:08+00:00\",\"dateModified\":\"2026-02-27T18:16:13+00:00\",\"description\":\"The Rafa Nadal Academy Padel Tour expands to the US in 2026. Join the amateur circuit in Miami, Austin, and NYC powered by Playtomic and Babolat.\",\"breadcrumb\":{\"@id\":\"https:\/\/www.interpadelmedia.com\/en\/rafa-nadal-academy-padel-tour-expands-to-the-usa-in-2026-with-playtomic\/#breadcrumb\"},\"inLanguage\":\"en-US\",\"potentialAction\":[{\"@type\":\"ReadAction\",\"target\":[\"https:\/\/www.interpadelmedia.com\/en\/rafa-nadal-academy-padel-tour-expands-to-the-usa-in-2026-with-playtomic\/\"]}]},{\"@type\":\"ImageObject\",\"inLanguage\":\"en-US\",\"@id\":\"https:\/\/www.interpadelmedia.com\/en\/rafa-nadal-academy-padel-tour-expands-to-the-usa-in-2026-with-playtomic\/#primaryimage\",\"url\":\"https:\/\/www.interpadelmedia.com\/wp-content\/uploads\/2026\/02\/RNAPresentacion-RNAweb.png\",\"contentUrl\":\"https:\/\/www.interpadelmedia.com\/wp-content\/uploads\/2026\/02\/RNAPresentacion-RNAweb.png\",\"width\":1500,\"height\":657},{\"@type\":\"BreadcrumbList\",\"@id\":\"https:\/\/www.interpadelmedia.com\/en\/rafa-nadal-academy-padel-tour-expands-to-the-usa-in-2026-with-playtomic\/#breadcrumb\",\"itemListElement\":[{\"@type\":\"ListItem\",\"position\":1,\"name\":\"Portada\",\"item\":\"https:\/\/www.interpadelmedia.com\/en\/\"},{\"@type\":\"ListItem\",\"position\":2,\"name\":\"Rafa Nadal Academy Padel Tour Expands to the USA in 2026 with Playtomic\"}]},{\"@type\":\"WebSite\",\"@id\":\"https:\/\/www.interpadelmedia.com\/en\/#website\",\"url\":\"https:\/\/www.interpadelmedia.com\/en\/\",\"name\":\"Asociaci\u00f3n Internacional de Medios de P\u00e1del\",\"description\":\"El p\u00e1del une\",\"publisher\":{\"@id\":\"https:\/\/www.interpadelmedia.com\/en\/#organization\"},\"alternateName\":\"International Padel Media Association\",\"potentialAction\":[{\"@type\":\"SearchAction\",\"target\":{\"@type\":\"EntryPoint\",\"urlTemplate\":\"https:\/\/www.interpadelmedia.com\/en\/?s={search_term_string}\"},\"query-input\":{\"@type\":\"PropertyValueSpecification\",\"valueRequired\":true,\"valueName\":\"search_term_string\"}}],\"inLanguage\":\"en-US\"},{\"@type\":\"Organization\",\"@id\":\"https:\/\/www.interpadelmedia.com\/en\/#organization\",\"name\":\"Asociaci\u00f3n Internacional de Medios de P\u00e1del\",\"alternateName\":\"International Padel Media Association\",\"url\":\"https:\/\/www.interpadelmedia.com\/en\/\",\"logo\":{\"@type\":\"ImageObject\",\"inLanguage\":\"en-US\",\"@id\":\"https:\/\/www.interpadelmedia.com\/en\/#\/schema\/logo\/image\/\",\"url\":\"https:\/\/www.interpadelmedia.com\/wp-content\/uploads\/2025\/06\/Logo_verde_1_1.png\",\"contentUrl\":\"https:\/\/www.interpadelmedia.com\/wp-content\/uploads\/2025\/06\/Logo_verde_1_1.png\",\"width\":250,\"height\":250,\"caption\":\"Asociaci\u00f3n Internacional de Medios de P\u00e1del\"},\"image\":{\"@id\":\"https:\/\/www.interpadelmedia.com\/en\/#\/schema\/logo\/image\/\"},\"sameAs\":[\"https:\/\/www.facebook.com\/profile.php?id=61564675752871\",\"https:\/\/x.com\/InterPadelMedia\",\"https:\/\/www.instagram.com\/interpadelmedia\/\",\"https:\/\/www.linkedin.com\/company\/asociacion-internacional-de-medios-de-padel\/posts\/?feedView=all\"]},{\"@type\":\"Person\",\"@id\":\"https:\/\/www.interpadelmedia.com\/en\/#\/schema\/person\/502cbc75e2b9e89f3d1a72ff9d25b780\",\"name\":\"Iv\u00e1n Hern\u00e1ndez\",\"image\":{\"@type\":\"ImageObject\",\"inLanguage\":\"en-US\",\"@id\":\"https:\/\/www.interpadelmedia.com\/en\/#\/schema\/person\/image\/\",\"url\":\"https:\/\/secure.gravatar.com\/avatar\/6174e34f1a6d0d33c4e5ce65a3012cf6322775297114f2d698da6b4576af20bd?s=96&d=mm&r=g\",\"contentUrl\":\"https:\/\/secure.gravatar.com\/avatar\/6174e34f1a6d0d33c4e5ce65a3012cf6322775297114f2d698da6b4576af20bd?s=96&d=mm&r=g\",\"caption\":\"Iv\u00e1n Hern\u00e1ndez\"}}]}<\/script>\n<!-- \/ Yoast SEO plugin. -->","yoast_head_json":{"title":"Rafa Nadal Academy Padel Tour Debuts in the USA with Playtomic","description":"The Rafa Nadal Academy Padel Tour expands to the US in 2026. Join the amateur circuit in Miami, Austin, and NYC powered by Playtomic and Babolat.","robots":{"index":"index","follow":"follow","max-snippet":"max-snippet:-1","max-image-preview":"max-image-preview:large","max-video-preview":"max-video-preview:-1"},"canonical":"https:\/\/www.interpadelmedia.com\/en\/rafa-nadal-academy-padel-tour-expands-to-the-usa-in-2026-with-playtomic\/","og_locale":"en_US","og_type":"article","og_title":"\ud83c\udfbe Rafa Nadal\u2019s Padel Tour is heading to the USA","og_description":"From Mallorca to Manhattan! The Rafa Nadal Academy Padel Tour by Playtomic lands in the US for 2026. Experience elite padel in Miami, Austin, and NYC. Don't miss out!","og_url":"https:\/\/www.interpadelmedia.com\/en\/rafa-nadal-academy-padel-tour-expands-to-the-usa-in-2026-with-playtomic\/","og_site_name":"International Padel Media Association (IPMA)","article_publisher":"https:\/\/www.facebook.com\/profile.php?id=61564675752871","article_published_time":"2026-02-27T18:11:08+00:00","article_modified_time":"2026-02-27T18:16:13+00:00","og_image":[{"width":1500,"height":657,"url":"https:\/\/www.interpadelmedia.com\/wp-content\/uploads\/2026\/02\/RNAPresentacion-RNAweb.png","type":"image\/png"}],"author":"Iv\u00e1n Hern\u00e1ndez","twitter_card":"summary_large_image","twitter_title":"\ud83c\udfbe Rafa Nadal\u2019s Padel Tour is heading to the USA","twitter_description":"From Mallorca to Manhattan! The Rafa Nadal Academy Padel Tour by Playtomic lands in the US for 2026. Experience elite padel in Miami, Austin, and NYC. Don't miss out!","twitter_image":"https:\/\/www.interpadelmedia.com\/wp-content\/uploads\/2026\/02\/RNAPresentacion-RNAweb.png","twitter_creator":"@InterPadelMedia","twitter_site":"@InterPadelMedia","twitter_misc":{"Written by":"Iv\u00e1n Hern\u00e1ndez","Est. reading time":"2 minutes"},"schema":{"@context":"https:\/\/schema.org","@graph":[{"@type":"Article","@id":"https:\/\/www.interpadelmedia.com\/en\/rafa-nadal-academy-padel-tour-expands-to-the-usa-in-2026-with-playtomic\/#article","isPartOf":{"@id":"https:\/\/www.interpadelmedia.com\/en\/rafa-nadal-academy-padel-tour-expands-to-the-usa-in-2026-with-playtomic\/"},"author":{"name":"Iv\u00e1n Hern\u00e1ndez","@id":"https:\/\/www.interpadelmedia.com\/en\/#\/schema\/person\/502cbc75e2b9e89f3d1a72ff9d25b780"},"headline":"Rafa Nadal Academy Padel Tour Expands to the USA in 2026 with Playtomic","datePublished":"2026-02-27T18:11:08+00:00","dateModified":"2026-02-27T18:16:13+00:00","mainEntityOfPage":{"@id":"https:\/\/www.interpadelmedia.com\/en\/rafa-nadal-academy-padel-tour-expands-to-the-usa-in-2026-with-playtomic\/"},"wordCount":341,"publisher":{"@id":"https:\/\/www.interpadelmedia.com\/en\/#organization"},"image":{"@id":"https:\/\/www.interpadelmedia.com\/en\/rafa-nadal-academy-padel-tour-expands-to-the-usa-in-2026-with-playtomic\/#primaryimage"},"thumbnailUrl":"https:\/\/www.interpadelmedia.com\/wp-content\/uploads\/2026\/02\/RNAPresentacion-RNAweb.png","articleSection":["News"],"inLanguage":"en-US"},{"@type":"WebPage","@id":"https:\/\/www.interpadelmedia.com\/en\/rafa-nadal-academy-padel-tour-expands-to-the-usa-in-2026-with-playtomic\/","url":"https:\/\/www.interpadelmedia.com\/en\/rafa-nadal-academy-padel-tour-expands-to-the-usa-in-2026-with-playtomic\/","name":"Rafa Nadal Academy Padel Tour Debuts in the USA with Playtomic","isPartOf":{"@id":"https:\/\/www.interpadelmedia.com\/en\/#website"},"primaryImageOfPage":{"@id":"https:\/\/www.interpadelmedia.com\/en\/rafa-nadal-academy-padel-tour-expands-to-the-usa-in-2026-with-playtomic\/#primaryimage"},"image":{"@id":"https:\/\/www.interpadelmedia.com\/en\/rafa-nadal-academy-padel-tour-expands-to-the-usa-in-2026-with-playtomic\/#primaryimage"},"thumbnailUrl":"https:\/\/www.interpadelmedia.com\/wp-content\/uploads\/2026\/02\/RNAPresentacion-RNAweb.png","datePublished":"2026-02-27T18:11:08+00:00","dateModified":"2026-02-27T18:16:13+00:00","description":"The Rafa Nadal Academy Padel Tour expands to the US in 2026. Join the amateur circuit in Miami, Austin, and NYC powered by Playtomic and Babolat.","breadcrumb":{"@id":"https:\/\/www.interpadelmedia.com\/en\/rafa-nadal-academy-padel-tour-expands-to-the-usa-in-2026-with-playtomic\/#breadcrumb"},"inLanguage":"en-US","potentialAction":[{"@type":"ReadAction","target":["https:\/\/www.interpadelmedia.com\/en\/rafa-nadal-academy-padel-tour-expands-to-the-usa-in-2026-with-playtomic\/"]}]},{"@type":"ImageObject","inLanguage":"en-US","@id":"https:\/\/www.interpadelmedia.com\/en\/rafa-nadal-academy-padel-tour-expands-to-the-usa-in-2026-with-playtomic\/#primaryimage","url":"https:\/\/www.interpadelmedia.com\/wp-content\/uploads\/2026\/02\/RNAPresentacion-RNAweb.png","contentUrl":"https:\/\/www.interpadelmedia.com\/wp-content\/uploads\/2026\/02\/RNAPresentacion-RNAweb.png","width":1500,"height":657},{"@type":"BreadcrumbList","@id":"https:\/\/www.interpadelmedia.com\/en\/rafa-nadal-academy-padel-tour-expands-to-the-usa-in-2026-with-playtomic\/#breadcrumb","itemListElement":[{"@type":"ListItem","position":1,"name":"Portada","item":"https:\/\/www.interpadelmedia.com\/en\/"},{"@type":"ListItem","position":2,"name":"Rafa Nadal Academy Padel Tour Expands to the USA in 2026 with Playtomic"}]},{"@type":"WebSite","@id":"https:\/\/www.interpadelmedia.com\/en\/#website","url":"https:\/\/www.interpadelmedia.com\/en\/","name":"Asociaci\u00f3n Internacional de Medios de P\u00e1del","description":"El p\u00e1del une","publisher":{"@id":"https:\/\/www.interpadelmedia.com\/en\/#organization"},"alternateName":"International Padel Media Association","potentialAction":[{"@type":"SearchAction","target":{"@type":"EntryPoint","urlTemplate":"https:\/\/www.interpadelmedia.com\/en\/?s={search_term_string}"},"query-input":{"@type":"PropertyValueSpecification","valueRequired":true,"valueName":"search_term_string"}}],"inLanguage":"en-US"},{"@type":"Organization","@id":"https:\/\/www.interpadelmedia.com\/en\/#organization","name":"Asociaci\u00f3n Internacional de Medios de P\u00e1del","alternateName":"International Padel Media Association","url":"https:\/\/www.interpadelmedia.com\/en\/","logo":{"@type":"ImageObject","inLanguage":"en-US","@id":"https:\/\/www.interpadelmedia.com\/en\/#\/schema\/logo\/image\/","url":"https:\/\/www.interpadelmedia.com\/wp-content\/uploads\/2025\/06\/Logo_verde_1_1.png","contentUrl":"https:\/\/www.interpadelmedia.com\/wp-content\/uploads\/2025\/06\/Logo_verde_1_1.png","width":250,"height":250,"caption":"Asociaci\u00f3n Internacional de Medios de P\u00e1del"},"image":{"@id":"https:\/\/www.interpadelmedia.com\/en\/#\/schema\/logo\/image\/"},"sameAs":["https:\/\/www.facebook.com\/profile.php?id=61564675752871","https:\/\/x.com\/InterPadelMedia","https:\/\/www.instagram.com\/interpadelmedia\/","https:\/\/www.linkedin.com\/company\/asociacion-internacional-de-medios-de-padel\/posts\/?feedView=all"]},{"@type":"Person","@id":"https:\/\/www.interpadelmedia.com\/en\/#\/schema\/person\/502cbc75e2b9e89f3d1a72ff9d25b780","name":"Iv\u00e1n Hern\u00e1ndez","image":{"@type":"ImageObject","inLanguage":"en-US","@id":"https:\/\/www.interpadelmedia.com\/en\/#\/schema\/person\/image\/","url":"https:\/\/secure.gravatar.com\/avatar\/6174e34f1a6d0d33c4e5ce65a3012cf6322775297114f2d698da6b4576af20bd?s=96&d=mm&r=g","contentUrl":"https:\/\/secure.gravatar.com\/avatar\/6174e34f1a6d0d33c4e5ce65a3012cf6322775297114f2d698da6b4576af20bd?s=96&d=mm&r=g","caption":"Iv\u00e1n Hern\u00e1ndez"}}]}},"_links":{"self":[{"href":"https:\/\/www.interpadelmedia.com\/en\/wp-json\/wp\/v2\/posts\/3042","targetHints":{"allow":["GET"]}}],"collection":[{"href":"https:\/\/www.interpadelmedia.com\/en\/wp-json\/wp\/v2\/posts"}],"about":[{"href":"https:\/\/www.interpadelmedia.com\/en\/wp-json\/wp\/v2\/types\/post"}],"author":[{"embeddable":true,"href":"https:\/\/www.interpadelmedia.com\/en\/wp-json\/wp\/v2\/users\/2"}],"replies":[{"embeddable":true,"href":"https:\/\/www.interpadelmedia.com\/en\/wp-json\/wp\/v2\/comments?post=3042"}],"version-history":[{"count":1,"href":"https:\/\/www.interpadelmedia.com\/en\/wp-json\/wp\/v2\/posts\/3042\/revisions"}],"predecessor-version":[{"id":3043,"href":"https:\/\/www.interpadelmedia.com\/en\/wp-json\/wp\/v2\/posts\/3042\/revisions\/3043"}],"wp:featuredmedia":[{"embeddable":true,"href":"https:\/\/www.interpadelmedia.com\/en\/wp-json\/wp\/v2\/media\/3041"}],"wp:attachment":[{"href":"https:\/\/www.interpadelmedia.com\/en\/wp-json\/wp\/v2\/media?parent=3042"}],"wp:term":[{"taxonomy":"category","embeddable":true,"href":"https:\/\/www.interpadelmedia.com\/en\/wp-json\/wp\/v2\/categories?post=3042"},{"taxonomy":"post_tag","embeddable":true,"href":"https:\/\/www.interpadelmedia.com\/en\/wp-json\/wp\/v2\/tags?post=3042"}],"curies":[{"name":"wp","href":"https:\/\/api.w.org\/{rel}","templated":true}]}}