{"id":3036,"date":"2026-02-27T18:52:15","date_gmt":"2026-02-27T17:52:15","guid":{"rendered":"https:\/\/www.interpadelmedia.com\/?p=3036"},"modified":"2026-02-27T19:12:31","modified_gmt":"2026-02-27T18:12:31","slug":"siux-and-franco-stupaczuk-take-their-relationship-to-a-new-level","status":"publish","type":"post","link":"https:\/\/www.interpadelmedia.com\/en\/siux-and-franco-stupaczuk-take-their-relationship-to-a-new-level\/","title":{"rendered":"Siux and Franco Stupaczuk take their relationship to a new level."},"content":{"rendered":"\n<p><br><\/p>\n\n\n\n<p>The Argentine player, one of the most explosive and recognizable names on the circuit, has extended his commitment to the Spanish brand <strong>until 2029<\/strong>, solidifying an alliance based on performance, innovation, and competitive ambition.<\/p>\n\n\n\n<p>The story between Siux and &#8220;<strong>Stupa<\/strong>&#8221; began in 2022 with a clear objective: to build a racket tailored to his game and compete at the highest level. Since then, the Electra saga has become one of the most iconic families in the padel industry, evolving season after season alongside a player who remains among the world&#8217;s elite today.<\/p>\n\n\n\n<p>&#8220;I am in the best moment of my career. Being world number 6 is important, but my mindset has always been to go for more. With Mike, we are forming a very competitive duo, and I believe we can fight for everything. <strong>Staying with Siux until 2029<\/strong> gives me the boost and confidence to keep pursuing my best level,&#8221; says the Argentine star.<\/p>\n\n\n\n<p><strong>Electra 2026: The latest bet, featuring Stupa\u2019s signature<\/strong><\/p>\n\n\n\n<p>The <strong>renewal until 2029<\/strong>, announced at an event in the <strong>Padel Nuestro Madrid Flagship store<\/strong>, arrives in alignment with the latest step for the Electra range. The most recent launch of the Electra 2026 with Stupa\u2019s signature is not just a product update: it is a statement of intent. Siux is doubling down on the player and reinforcing confidence in a collaboration that translates into real development, top-tier materials, and a racket designed so that any player can compete like the Argentine backhand specialist.<\/p>\n\n\n\n<p>Currently, the Electra range remains one of Siux\u2019s main pillars, with a prominent presence in the brand&#8217;s latest offerings.<\/p>\n\n\n\n<p>&#8220;When we started this journey with Franco, we knew there was something special. Not just because of his talent on the court, but because of his competitive nature, his understanding of hard work, and the natural connection he has built with SIUX since day one.&#8221;<\/p>\n\n\n\n<p>&#8220;These years together have been about growth, overcoming challenges, and moments that are already part of our history as a brand. That\u2019s why extending our agreement until 2029 is not just a renewal: it is the continuity of a project we truly believe in. Franco has a very clear goal, and so do we. We want to accompany him on the road to becoming world number 1. The best is yet to come, and we are ready to keep building it together,&#8221; says <strong>Javier Meca, Sports Marketing Manager at Siux.<\/strong><\/p>\n\n\n\n<p>With this extension, Siux reaffirms its position as a high-performance brand with a clear vision: developing products alongside athletes competing at the highest level and building long-term stories sustained by results and hard work<\/p>\n","protected":false},"excerpt":{"rendered":"<p>Franco Stupaczuk extends his deal with Siux until 2029, strengthening a partnership that drives the innovative Electra racket series toward global dominance.<\/p>\n","protected":false},"author":2,"featured_media":3035,"comment_status":"closed","ping_status":"closed","sticky":false,"template":"","format":"standard","meta":{"footnotes":""},"categories":[1],"tags":[],"class_list":["post-3036","post","type-post","status-publish","format-standard","has-post-thumbnail","hentry","category-news"],"yoast_head":"<!-- This site is optimized with the Yoast SEO plugin v26.5 - https:\/\/yoast.com\/wordpress\/plugins\/seo\/ -->\n<title>Siux and Franco Stupaczuk: Strategic Partnership Extended to 2029<\/title>\n<meta name=\"description\" content=\"Franco Stupaczuk renews his contract with Siux until 2029. Explore the new Electra 2026 range and &quot;Stupa\u2019s&quot; journey to becoming world number 1.\" \/>\n<meta name=\"robots\" content=\"index, follow, max-snippet:-1, max-image-preview:large, max-video-preview:-1\" \/>\n<link rel=\"canonical\" href=\"https:\/\/www.interpadelmedia.com\/en\/siux-and-franco-stupaczuk-take-their-relationship-to-a-new-level\/\" \/>\n<meta property=\"og:locale\" content=\"en_US\" \/>\n<meta property=\"og:type\" content=\"article\" \/>\n<meta property=\"og:title\" content=\"\ud83c\udfbe Stupa &amp; Siux: Locked in until 2029! The Electra legacy continues.\" \/>\n<meta property=\"og:description\" content=\"Franco Stupaczuk is staying with Siux! A historic renewal to chase the World #1 spot. Get ready for the new Electra 2026. The best is yet to come! \ud83d\udd25\" \/>\n<meta property=\"og:url\" content=\"https:\/\/www.interpadelmedia.com\/en\/siux-and-franco-stupaczuk-take-their-relationship-to-a-new-level\/\" \/>\n<meta property=\"og:site_name\" content=\"International Padel Media Association (IPMA)\" \/>\n<meta property=\"article:publisher\" content=\"https:\/\/www.facebook.com\/profile.php?id=61564675752871\" \/>\n<meta property=\"article:published_time\" content=\"2026-02-27T17:52:15+00:00\" \/>\n<meta property=\"article:modified_time\" content=\"2026-02-27T18:12:31+00:00\" \/>\n<meta property=\"og:image\" content=\"https:\/\/www.interpadelmedia.com\/wp-content\/uploads\/2026\/02\/PN_stupa2-WEB.png\" \/>\n\t<meta property=\"og:image:width\" content=\"1326\" \/>\n\t<meta property=\"og:image:height\" content=\"979\" \/>\n\t<meta property=\"og:image:type\" content=\"image\/png\" \/>\n<meta name=\"author\" content=\"Iv\u00e1n Hern\u00e1ndez\" \/>\n<meta name=\"twitter:card\" content=\"summary_large_image\" \/>\n<meta name=\"twitter:title\" content=\"\ud83c\udfbe Stupa &amp; Siux: Locked in until 2029! The Electra legacy continues.\" \/>\n<meta name=\"twitter:description\" content=\"Franco Stupaczuk is staying with Siux! A historic renewal to chase the World #1 spot. Get ready for the new Electra 2026. The best is yet to come! \ud83d\udd25\" \/>\n<meta name=\"twitter:creator\" content=\"@InterPadelMedia\" \/>\n<meta name=\"twitter:site\" content=\"@InterPadelMedia\" \/>\n<meta name=\"twitter:label1\" content=\"Written by\" \/>\n\t<meta name=\"twitter:data1\" content=\"Iv\u00e1n Hern\u00e1ndez\" \/>\n\t<meta name=\"twitter:label2\" content=\"Est. reading time\" \/>\n\t<meta name=\"twitter:data2\" content=\"3 minutes\" \/>\n<script type=\"application\/ld+json\" class=\"yoast-schema-graph\">{\"@context\":\"https:\/\/schema.org\",\"@graph\":[{\"@type\":\"Article\",\"@id\":\"https:\/\/www.interpadelmedia.com\/en\/siux-and-franco-stupaczuk-take-their-relationship-to-a-new-level\/#article\",\"isPartOf\":{\"@id\":\"https:\/\/www.interpadelmedia.com\/en\/siux-and-franco-stupaczuk-take-their-relationship-to-a-new-level\/\"},\"author\":{\"name\":\"Iv\u00e1n Hern\u00e1ndez\",\"@id\":\"https:\/\/www.interpadelmedia.com\/en\/#\/schema\/person\/502cbc75e2b9e89f3d1a72ff9d25b780\"},\"headline\":\"Siux and Franco Stupaczuk take their relationship to a new level.\",\"datePublished\":\"2026-02-27T17:52:15+00:00\",\"dateModified\":\"2026-02-27T18:12:31+00:00\",\"mainEntityOfPage\":{\"@id\":\"https:\/\/www.interpadelmedia.com\/en\/siux-and-franco-stupaczuk-take-their-relationship-to-a-new-level\/\"},\"wordCount\":443,\"publisher\":{\"@id\":\"https:\/\/www.interpadelmedia.com\/en\/#organization\"},\"image\":{\"@id\":\"https:\/\/www.interpadelmedia.com\/en\/siux-and-franco-stupaczuk-take-their-relationship-to-a-new-level\/#primaryimage\"},\"thumbnailUrl\":\"https:\/\/www.interpadelmedia.com\/wp-content\/uploads\/2026\/02\/PN_stupa2-WEB.png\",\"articleSection\":[\"News\"],\"inLanguage\":\"en-US\"},{\"@type\":\"WebPage\",\"@id\":\"https:\/\/www.interpadelmedia.com\/en\/siux-and-franco-stupaczuk-take-their-relationship-to-a-new-level\/\",\"url\":\"https:\/\/www.interpadelmedia.com\/en\/siux-and-franco-stupaczuk-take-their-relationship-to-a-new-level\/\",\"name\":\"Siux and Franco Stupaczuk: Strategic Partnership Extended to 2029\",\"isPartOf\":{\"@id\":\"https:\/\/www.interpadelmedia.com\/en\/#website\"},\"primaryImageOfPage\":{\"@id\":\"https:\/\/www.interpadelmedia.com\/en\/siux-and-franco-stupaczuk-take-their-relationship-to-a-new-level\/#primaryimage\"},\"image\":{\"@id\":\"https:\/\/www.interpadelmedia.com\/en\/siux-and-franco-stupaczuk-take-their-relationship-to-a-new-level\/#primaryimage\"},\"thumbnailUrl\":\"https:\/\/www.interpadelmedia.com\/wp-content\/uploads\/2026\/02\/PN_stupa2-WEB.png\",\"datePublished\":\"2026-02-27T17:52:15+00:00\",\"dateModified\":\"2026-02-27T18:12:31+00:00\",\"description\":\"Franco Stupaczuk renews his contract with Siux until 2029. Explore the new Electra 2026 range and \\\"Stupa\u2019s\\\" journey to becoming world number 1.\",\"breadcrumb\":{\"@id\":\"https:\/\/www.interpadelmedia.com\/en\/siux-and-franco-stupaczuk-take-their-relationship-to-a-new-level\/#breadcrumb\"},\"inLanguage\":\"en-US\",\"potentialAction\":[{\"@type\":\"ReadAction\",\"target\":[\"https:\/\/www.interpadelmedia.com\/en\/siux-and-franco-stupaczuk-take-their-relationship-to-a-new-level\/\"]}]},{\"@type\":\"ImageObject\",\"inLanguage\":\"en-US\",\"@id\":\"https:\/\/www.interpadelmedia.com\/en\/siux-and-franco-stupaczuk-take-their-relationship-to-a-new-level\/#primaryimage\",\"url\":\"https:\/\/www.interpadelmedia.com\/wp-content\/uploads\/2026\/02\/PN_stupa2-WEB.png\",\"contentUrl\":\"https:\/\/www.interpadelmedia.com\/wp-content\/uploads\/2026\/02\/PN_stupa2-WEB.png\",\"width\":1326,\"height\":979},{\"@type\":\"BreadcrumbList\",\"@id\":\"https:\/\/www.interpadelmedia.com\/en\/siux-and-franco-stupaczuk-take-their-relationship-to-a-new-level\/#breadcrumb\",\"itemListElement\":[{\"@type\":\"ListItem\",\"position\":1,\"name\":\"Portada\",\"item\":\"https:\/\/www.interpadelmedia.com\/en\/\"},{\"@type\":\"ListItem\",\"position\":2,\"name\":\"Siux and Franco Stupaczuk take their relationship to a new level.\"}]},{\"@type\":\"WebSite\",\"@id\":\"https:\/\/www.interpadelmedia.com\/en\/#website\",\"url\":\"https:\/\/www.interpadelmedia.com\/en\/\",\"name\":\"Asociaci\u00f3n Internacional de Medios de P\u00e1del\",\"description\":\"El p\u00e1del une\",\"publisher\":{\"@id\":\"https:\/\/www.interpadelmedia.com\/en\/#organization\"},\"alternateName\":\"International Padel Media Association\",\"potentialAction\":[{\"@type\":\"SearchAction\",\"target\":{\"@type\":\"EntryPoint\",\"urlTemplate\":\"https:\/\/www.interpadelmedia.com\/en\/?s={search_term_string}\"},\"query-input\":{\"@type\":\"PropertyValueSpecification\",\"valueRequired\":true,\"valueName\":\"search_term_string\"}}],\"inLanguage\":\"en-US\"},{\"@type\":\"Organization\",\"@id\":\"https:\/\/www.interpadelmedia.com\/en\/#organization\",\"name\":\"Asociaci\u00f3n Internacional de Medios de P\u00e1del\",\"alternateName\":\"International Padel Media Association\",\"url\":\"https:\/\/www.interpadelmedia.com\/en\/\",\"logo\":{\"@type\":\"ImageObject\",\"inLanguage\":\"en-US\",\"@id\":\"https:\/\/www.interpadelmedia.com\/en\/#\/schema\/logo\/image\/\",\"url\":\"https:\/\/www.interpadelmedia.com\/wp-content\/uploads\/2025\/06\/Logo_verde_1_1.png\",\"contentUrl\":\"https:\/\/www.interpadelmedia.com\/wp-content\/uploads\/2025\/06\/Logo_verde_1_1.png\",\"width\":250,\"height\":250,\"caption\":\"Asociaci\u00f3n Internacional de Medios de P\u00e1del\"},\"image\":{\"@id\":\"https:\/\/www.interpadelmedia.com\/en\/#\/schema\/logo\/image\/\"},\"sameAs\":[\"https:\/\/www.facebook.com\/profile.php?id=61564675752871\",\"https:\/\/x.com\/InterPadelMedia\",\"https:\/\/www.instagram.com\/interpadelmedia\/\",\"https:\/\/www.linkedin.com\/company\/asociacion-internacional-de-medios-de-padel\/posts\/?feedView=all\"]},{\"@type\":\"Person\",\"@id\":\"https:\/\/www.interpadelmedia.com\/en\/#\/schema\/person\/502cbc75e2b9e89f3d1a72ff9d25b780\",\"name\":\"Iv\u00e1n Hern\u00e1ndez\",\"image\":{\"@type\":\"ImageObject\",\"inLanguage\":\"en-US\",\"@id\":\"https:\/\/www.interpadelmedia.com\/en\/#\/schema\/person\/image\/\",\"url\":\"https:\/\/secure.gravatar.com\/avatar\/6174e34f1a6d0d33c4e5ce65a3012cf6322775297114f2d698da6b4576af20bd?s=96&d=mm&r=g\",\"contentUrl\":\"https:\/\/secure.gravatar.com\/avatar\/6174e34f1a6d0d33c4e5ce65a3012cf6322775297114f2d698da6b4576af20bd?s=96&d=mm&r=g\",\"caption\":\"Iv\u00e1n Hern\u00e1ndez\"}}]}<\/script>\n<!-- \/ Yoast SEO plugin. -->","yoast_head_json":{"title":"Siux and Franco Stupaczuk: Strategic Partnership Extended to 2029","description":"Franco Stupaczuk renews his contract with Siux until 2029. Explore the new Electra 2026 range and \"Stupa\u2019s\" journey to becoming world number 1.","robots":{"index":"index","follow":"follow","max-snippet":"max-snippet:-1","max-image-preview":"max-image-preview:large","max-video-preview":"max-video-preview:-1"},"canonical":"https:\/\/www.interpadelmedia.com\/en\/siux-and-franco-stupaczuk-take-their-relationship-to-a-new-level\/","og_locale":"en_US","og_type":"article","og_title":"\ud83c\udfbe Stupa & Siux: Locked in until 2029! The Electra legacy continues.","og_description":"Franco Stupaczuk is staying with Siux! A historic renewal to chase the World #1 spot. Get ready for the new Electra 2026. The best is yet to come! \ud83d\udd25","og_url":"https:\/\/www.interpadelmedia.com\/en\/siux-and-franco-stupaczuk-take-their-relationship-to-a-new-level\/","og_site_name":"International Padel Media Association (IPMA)","article_publisher":"https:\/\/www.facebook.com\/profile.php?id=61564675752871","article_published_time":"2026-02-27T17:52:15+00:00","article_modified_time":"2026-02-27T18:12:31+00:00","og_image":[{"width":1326,"height":979,"url":"https:\/\/www.interpadelmedia.com\/wp-content\/uploads\/2026\/02\/PN_stupa2-WEB.png","type":"image\/png"}],"author":"Iv\u00e1n Hern\u00e1ndez","twitter_card":"summary_large_image","twitter_title":"\ud83c\udfbe Stupa & Siux: Locked in until 2029! The Electra legacy continues.","twitter_description":"Franco Stupaczuk is staying with Siux! A historic renewal to chase the World #1 spot. Get ready for the new Electra 2026. The best is yet to come! \ud83d\udd25","twitter_creator":"@InterPadelMedia","twitter_site":"@InterPadelMedia","twitter_misc":{"Written by":"Iv\u00e1n Hern\u00e1ndez","Est. reading time":"3 minutes"},"schema":{"@context":"https:\/\/schema.org","@graph":[{"@type":"Article","@id":"https:\/\/www.interpadelmedia.com\/en\/siux-and-franco-stupaczuk-take-their-relationship-to-a-new-level\/#article","isPartOf":{"@id":"https:\/\/www.interpadelmedia.com\/en\/siux-and-franco-stupaczuk-take-their-relationship-to-a-new-level\/"},"author":{"name":"Iv\u00e1n Hern\u00e1ndez","@id":"https:\/\/www.interpadelmedia.com\/en\/#\/schema\/person\/502cbc75e2b9e89f3d1a72ff9d25b780"},"headline":"Siux and Franco Stupaczuk take their relationship to a new level.","datePublished":"2026-02-27T17:52:15+00:00","dateModified":"2026-02-27T18:12:31+00:00","mainEntityOfPage":{"@id":"https:\/\/www.interpadelmedia.com\/en\/siux-and-franco-stupaczuk-take-their-relationship-to-a-new-level\/"},"wordCount":443,"publisher":{"@id":"https:\/\/www.interpadelmedia.com\/en\/#organization"},"image":{"@id":"https:\/\/www.interpadelmedia.com\/en\/siux-and-franco-stupaczuk-take-their-relationship-to-a-new-level\/#primaryimage"},"thumbnailUrl":"https:\/\/www.interpadelmedia.com\/wp-content\/uploads\/2026\/02\/PN_stupa2-WEB.png","articleSection":["News"],"inLanguage":"en-US"},{"@type":"WebPage","@id":"https:\/\/www.interpadelmedia.com\/en\/siux-and-franco-stupaczuk-take-their-relationship-to-a-new-level\/","url":"https:\/\/www.interpadelmedia.com\/en\/siux-and-franco-stupaczuk-take-their-relationship-to-a-new-level\/","name":"Siux and Franco Stupaczuk: Strategic Partnership Extended to 2029","isPartOf":{"@id":"https:\/\/www.interpadelmedia.com\/en\/#website"},"primaryImageOfPage":{"@id":"https:\/\/www.interpadelmedia.com\/en\/siux-and-franco-stupaczuk-take-their-relationship-to-a-new-level\/#primaryimage"},"image":{"@id":"https:\/\/www.interpadelmedia.com\/en\/siux-and-franco-stupaczuk-take-their-relationship-to-a-new-level\/#primaryimage"},"thumbnailUrl":"https:\/\/www.interpadelmedia.com\/wp-content\/uploads\/2026\/02\/PN_stupa2-WEB.png","datePublished":"2026-02-27T17:52:15+00:00","dateModified":"2026-02-27T18:12:31+00:00","description":"Franco Stupaczuk renews his contract with Siux until 2029. Explore the new Electra 2026 range and \"Stupa\u2019s\" journey to becoming world number 1.","breadcrumb":{"@id":"https:\/\/www.interpadelmedia.com\/en\/siux-and-franco-stupaczuk-take-their-relationship-to-a-new-level\/#breadcrumb"},"inLanguage":"en-US","potentialAction":[{"@type":"ReadAction","target":["https:\/\/www.interpadelmedia.com\/en\/siux-and-franco-stupaczuk-take-their-relationship-to-a-new-level\/"]}]},{"@type":"ImageObject","inLanguage":"en-US","@id":"https:\/\/www.interpadelmedia.com\/en\/siux-and-franco-stupaczuk-take-their-relationship-to-a-new-level\/#primaryimage","url":"https:\/\/www.interpadelmedia.com\/wp-content\/uploads\/2026\/02\/PN_stupa2-WEB.png","contentUrl":"https:\/\/www.interpadelmedia.com\/wp-content\/uploads\/2026\/02\/PN_stupa2-WEB.png","width":1326,"height":979},{"@type":"BreadcrumbList","@id":"https:\/\/www.interpadelmedia.com\/en\/siux-and-franco-stupaczuk-take-their-relationship-to-a-new-level\/#breadcrumb","itemListElement":[{"@type":"ListItem","position":1,"name":"Portada","item":"https:\/\/www.interpadelmedia.com\/en\/"},{"@type":"ListItem","position":2,"name":"Siux and Franco Stupaczuk take their relationship to a new level."}]},{"@type":"WebSite","@id":"https:\/\/www.interpadelmedia.com\/en\/#website","url":"https:\/\/www.interpadelmedia.com\/en\/","name":"Asociaci\u00f3n Internacional de Medios de P\u00e1del","description":"El p\u00e1del une","publisher":{"@id":"https:\/\/www.interpadelmedia.com\/en\/#organization"},"alternateName":"International Padel Media Association","potentialAction":[{"@type":"SearchAction","target":{"@type":"EntryPoint","urlTemplate":"https:\/\/www.interpadelmedia.com\/en\/?s={search_term_string}"},"query-input":{"@type":"PropertyValueSpecification","valueRequired":true,"valueName":"search_term_string"}}],"inLanguage":"en-US"},{"@type":"Organization","@id":"https:\/\/www.interpadelmedia.com\/en\/#organization","name":"Asociaci\u00f3n Internacional de Medios de P\u00e1del","alternateName":"International Padel Media Association","url":"https:\/\/www.interpadelmedia.com\/en\/","logo":{"@type":"ImageObject","inLanguage":"en-US","@id":"https:\/\/www.interpadelmedia.com\/en\/#\/schema\/logo\/image\/","url":"https:\/\/www.interpadelmedia.com\/wp-content\/uploads\/2025\/06\/Logo_verde_1_1.png","contentUrl":"https:\/\/www.interpadelmedia.com\/wp-content\/uploads\/2025\/06\/Logo_verde_1_1.png","width":250,"height":250,"caption":"Asociaci\u00f3n Internacional de Medios de P\u00e1del"},"image":{"@id":"https:\/\/www.interpadelmedia.com\/en\/#\/schema\/logo\/image\/"},"sameAs":["https:\/\/www.facebook.com\/profile.php?id=61564675752871","https:\/\/x.com\/InterPadelMedia","https:\/\/www.instagram.com\/interpadelmedia\/","https:\/\/www.linkedin.com\/company\/asociacion-internacional-de-medios-de-padel\/posts\/?feedView=all"]},{"@type":"Person","@id":"https:\/\/www.interpadelmedia.com\/en\/#\/schema\/person\/502cbc75e2b9e89f3d1a72ff9d25b780","name":"Iv\u00e1n Hern\u00e1ndez","image":{"@type":"ImageObject","inLanguage":"en-US","@id":"https:\/\/www.interpadelmedia.com\/en\/#\/schema\/person\/image\/","url":"https:\/\/secure.gravatar.com\/avatar\/6174e34f1a6d0d33c4e5ce65a3012cf6322775297114f2d698da6b4576af20bd?s=96&d=mm&r=g","contentUrl":"https:\/\/secure.gravatar.com\/avatar\/6174e34f1a6d0d33c4e5ce65a3012cf6322775297114f2d698da6b4576af20bd?s=96&d=mm&r=g","caption":"Iv\u00e1n Hern\u00e1ndez"}}]}},"_links":{"self":[{"href":"https:\/\/www.interpadelmedia.com\/en\/wp-json\/wp\/v2\/posts\/3036","targetHints":{"allow":["GET"]}}],"collection":[{"href":"https:\/\/www.interpadelmedia.com\/en\/wp-json\/wp\/v2\/posts"}],"about":[{"href":"https:\/\/www.interpadelmedia.com\/en\/wp-json\/wp\/v2\/types\/post"}],"author":[{"embeddable":true,"href":"https:\/\/www.interpadelmedia.com\/en\/wp-json\/wp\/v2\/users\/2"}],"replies":[{"embeddable":true,"href":"https:\/\/www.interpadelmedia.com\/en\/wp-json\/wp\/v2\/comments?post=3036"}],"version-history":[{"count":1,"href":"https:\/\/www.interpadelmedia.com\/en\/wp-json\/wp\/v2\/posts\/3036\/revisions"}],"predecessor-version":[{"id":3037,"href":"https:\/\/www.interpadelmedia.com\/en\/wp-json\/wp\/v2\/posts\/3036\/revisions\/3037"}],"wp:featuredmedia":[{"embeddable":true,"href":"https:\/\/www.interpadelmedia.com\/en\/wp-json\/wp\/v2\/media\/3035"}],"wp:attachment":[{"href":"https:\/\/www.interpadelmedia.com\/en\/wp-json\/wp\/v2\/media?parent=3036"}],"wp:term":[{"taxonomy":"category","embeddable":true,"href":"https:\/\/www.interpadelmedia.com\/en\/wp-json\/wp\/v2\/categories?post=3036"},{"taxonomy":"post_tag","embeddable":true,"href":"https:\/\/www.interpadelmedia.com\/en\/wp-json\/wp\/v2\/tags?post=3036"}],"curies":[{"name":"wp","href":"https:\/\/api.w.org\/{rel}","templated":true}]}}