{"id":3026,"date":"2026-02-09T19:05:16","date_gmt":"2026-02-09T18:05:16","guid":{"rendered":"https:\/\/www.interpadelmedia.com\/?p=3026"},"modified":"2026-02-09T19:14:38","modified_gmt":"2026-02-09T18:14:38","slug":"the-magic-of-ari-sanchez-joins-the-adidas-padel-team","status":"publish","type":"post","link":"https:\/\/www.interpadelmedia.com\/en\/the-magic-of-ari-sanchez-joins-the-adidas-padel-team\/","title":{"rendered":"The magic of Ari S\u00e1nchez joins the adidas padel team."},"content":{"rendered":"\n<p><strong>Adidas padel enthusiastically celebrates the addition of Ari S\u00e1nchez to its team.<\/strong> The brand thus reaffirms its commitment to talent, innovation, and high performance in padel, while welcoming one of the brightest players on the international circuit.<\/p>\n\n\n\n<p>Ari S\u00e1nchez joins the adidas padel family at a key moment in her career, bringing her energy, consistency, and passion for the sport. The brand highlights not only her athletic quality, but also the inspiration she represents for players and fans around the world.<\/p>\n\n\n\n<p>Marta Ortega, ambassador of the German brand, warmly welcomed Ari in a video shared on social media, where Ortega sends a package with adidas padel gear to Ari S\u00e1nchez. Ari now becomes part of a truly elite team alongside Ale Gal\u00e1n, Lorena Rufo, David Gala, and Pol Hern\u00e1ndez, strengthening a group of athletes who combine talent, commitment, and competitive spirit.<\/p>\n\n\n\n<p>Adidas padel equips Ari with next-generation apparel and rackets designed to maximize her performance, demonstrating the brand\u2019s pride in providing its athletes with the best technical and technological support on court. The collaboration with Ari reflects not only sporting excellence, but also the philosophy of adidas padel: innovation, passion, and constant development.<\/p>\n\n\n\n<p>With this addition, adidas padel reinforces its position as a benchmark in professional padel, showing its enthusiasm for continuing to drive the sport globally. Ari S\u00e1nchez\u2019s arrival symbolizes another step in the brand\u2019s mission to unite talent and technology and inspire a whole new generation of players.<\/p>\n\n\n\n<p>Adidas padel celebrates this moment with pride and excitement, welcoming Ari S\u00e1nchez to a team that makes a difference in international padel.<\/p>\n\n\n\n<p><\/p>\n","protected":false},"excerpt":{"rendered":"<p>Ari S\u00e1nchez joins adidas padel at a key moment in her career, strengthening an elite team that combines talent, innovation and high performance on court.<\/p>\n","protected":false},"author":2,"featured_media":3025,"comment_status":"closed","ping_status":"closed","sticky":false,"template":"","format":"standard","meta":{"footnotes":""},"categories":[1],"tags":[],"class_list":["post-3026","post","type-post","status-publish","format-standard","has-post-thumbnail","hentry","category-news"],"yoast_head":"<!-- This site is optimized with the Yoast SEO plugin v26.5 - https:\/\/yoast.com\/wordpress\/plugins\/seo\/ -->\n<title>Ari S\u00e1nchez joins adidas padel and strengthens the brand\u2019s elite team<\/title>\n<meta name=\"description\" content=\"Ari S\u00e1nchez joins adidas padel, reinforcing the brand\u2019s commitment to innovation, talent and high performance in professional padel worldwide.\" \/>\n<meta name=\"robots\" content=\"index, follow, max-snippet:-1, max-image-preview:large, max-video-preview:-1\" \/>\n<link rel=\"canonical\" href=\"https:\/\/www.interpadelmedia.com\/en\/the-magic-of-ari-sanchez-joins-the-adidas-padel-team\/\" \/>\n<meta property=\"og:locale\" content=\"en_US\" \/>\n<meta property=\"og:type\" content=\"article\" \/>\n<meta property=\"og:title\" content=\"Ari S\u00e1nchez joins adidas padel: magic, talent and elite performance\" \/>\n<meta property=\"og:description\" content=\"Adidas padel welcomes Ari S\u00e1nchez to its elite team, uniting talent, innovation and passion to keep pushing the limits of professional padel\" \/>\n<meta property=\"og:url\" content=\"https:\/\/www.interpadelmedia.com\/en\/the-magic-of-ari-sanchez-joins-the-adidas-padel-team\/\" \/>\n<meta property=\"og:site_name\" content=\"International Padel Media Association (IPMA)\" \/>\n<meta property=\"article:publisher\" content=\"https:\/\/www.facebook.com\/profile.php?id=61564675752871\" \/>\n<meta property=\"article:published_time\" content=\"2026-02-09T18:05:16+00:00\" \/>\n<meta property=\"article:modified_time\" content=\"2026-02-09T18:14:38+00:00\" \/>\n<meta property=\"og:image\" content=\"https:\/\/www.interpadelmedia.com\/wp-content\/uploads\/2026\/02\/ARIADIDASOFI-13-893x1024.png\" \/>\n\t<meta property=\"og:image:width\" content=\"893\" \/>\n\t<meta property=\"og:image:height\" content=\"1024\" \/>\n\t<meta property=\"og:image:type\" content=\"image\/png\" \/>\n<meta name=\"author\" content=\"Iv\u00e1n Hern\u00e1ndez\" \/>\n<meta name=\"twitter:card\" content=\"summary_large_image\" \/>\n<meta name=\"twitter:title\" content=\"Ari S\u00e1nchez joins adidas padel: magic, talent and elite performance\" \/>\n<meta name=\"twitter:description\" content=\"Adidas padel welcomes Ari S\u00e1nchez to its elite team, uniting talent, innovation and passion to keep pushing the limits of professional padel\" \/>\n<meta name=\"twitter:image\" content=\"https:\/\/www.interpadelmedia.com\/wp-content\/uploads\/2026\/02\/ARIADIDASOFI-13.png\" \/>\n<meta name=\"twitter:creator\" content=\"@InterPadelMedia\" \/>\n<meta name=\"twitter:site\" content=\"@InterPadelMedia\" \/>\n<meta name=\"twitter:label1\" content=\"Written by\" \/>\n\t<meta name=\"twitter:data1\" content=\"Iv\u00e1n Hern\u00e1ndez\" \/>\n\t<meta name=\"twitter:label2\" content=\"Est. reading time\" \/>\n\t<meta name=\"twitter:data2\" content=\"2 minutes\" \/>\n<script type=\"application\/ld+json\" class=\"yoast-schema-graph\">{\"@context\":\"https:\/\/schema.org\",\"@graph\":[{\"@type\":\"Article\",\"@id\":\"https:\/\/www.interpadelmedia.com\/en\/the-magic-of-ari-sanchez-joins-the-adidas-padel-team\/#article\",\"isPartOf\":{\"@id\":\"https:\/\/www.interpadelmedia.com\/en\/the-magic-of-ari-sanchez-joins-the-adidas-padel-team\/\"},\"author\":{\"name\":\"Iv\u00e1n Hern\u00e1ndez\",\"@id\":\"https:\/\/www.interpadelmedia.com\/en\/#\/schema\/person\/502cbc75e2b9e89f3d1a72ff9d25b780\"},\"headline\":\"The magic of Ari S\u00e1nchez joins the adidas padel team.\",\"datePublished\":\"2026-02-09T18:05:16+00:00\",\"dateModified\":\"2026-02-09T18:14:38+00:00\",\"mainEntityOfPage\":{\"@id\":\"https:\/\/www.interpadelmedia.com\/en\/the-magic-of-ari-sanchez-joins-the-adidas-padel-team\/\"},\"wordCount\":283,\"publisher\":{\"@id\":\"https:\/\/www.interpadelmedia.com\/en\/#organization\"},\"image\":{\"@id\":\"https:\/\/www.interpadelmedia.com\/en\/the-magic-of-ari-sanchez-joins-the-adidas-padel-team\/#primaryimage\"},\"thumbnailUrl\":\"https:\/\/www.interpadelmedia.com\/wp-content\/uploads\/2026\/02\/ARIADIDASOFI-13.png\",\"articleSection\":[\"News\"],\"inLanguage\":\"en-US\"},{\"@type\":\"WebPage\",\"@id\":\"https:\/\/www.interpadelmedia.com\/en\/the-magic-of-ari-sanchez-joins-the-adidas-padel-team\/\",\"url\":\"https:\/\/www.interpadelmedia.com\/en\/the-magic-of-ari-sanchez-joins-the-adidas-padel-team\/\",\"name\":\"Ari S\u00e1nchez joins adidas padel and strengthens the brand\u2019s elite team\",\"isPartOf\":{\"@id\":\"https:\/\/www.interpadelmedia.com\/en\/#website\"},\"primaryImageOfPage\":{\"@id\":\"https:\/\/www.interpadelmedia.com\/en\/the-magic-of-ari-sanchez-joins-the-adidas-padel-team\/#primaryimage\"},\"image\":{\"@id\":\"https:\/\/www.interpadelmedia.com\/en\/the-magic-of-ari-sanchez-joins-the-adidas-padel-team\/#primaryimage\"},\"thumbnailUrl\":\"https:\/\/www.interpadelmedia.com\/wp-content\/uploads\/2026\/02\/ARIADIDASOFI-13.png\",\"datePublished\":\"2026-02-09T18:05:16+00:00\",\"dateModified\":\"2026-02-09T18:14:38+00:00\",\"description\":\"Ari S\u00e1nchez joins adidas padel, reinforcing the brand\u2019s commitment to innovation, talent and high performance in professional padel worldwide.\",\"breadcrumb\":{\"@id\":\"https:\/\/www.interpadelmedia.com\/en\/the-magic-of-ari-sanchez-joins-the-adidas-padel-team\/#breadcrumb\"},\"inLanguage\":\"en-US\",\"potentialAction\":[{\"@type\":\"ReadAction\",\"target\":[\"https:\/\/www.interpadelmedia.com\/en\/the-magic-of-ari-sanchez-joins-the-adidas-padel-team\/\"]}]},{\"@type\":\"ImageObject\",\"inLanguage\":\"en-US\",\"@id\":\"https:\/\/www.interpadelmedia.com\/en\/the-magic-of-ari-sanchez-joins-the-adidas-padel-team\/#primaryimage\",\"url\":\"https:\/\/www.interpadelmedia.com\/wp-content\/uploads\/2026\/02\/ARIADIDASOFI-13.png\",\"contentUrl\":\"https:\/\/www.interpadelmedia.com\/wp-content\/uploads\/2026\/02\/ARIADIDASOFI-13.png\",\"width\":1500,\"height\":1721},{\"@type\":\"BreadcrumbList\",\"@id\":\"https:\/\/www.interpadelmedia.com\/en\/the-magic-of-ari-sanchez-joins-the-adidas-padel-team\/#breadcrumb\",\"itemListElement\":[{\"@type\":\"ListItem\",\"position\":1,\"name\":\"Portada\",\"item\":\"https:\/\/www.interpadelmedia.com\/en\/\"},{\"@type\":\"ListItem\",\"position\":2,\"name\":\"The magic of Ari S\u00e1nchez joins the adidas padel team.\"}]},{\"@type\":\"WebSite\",\"@id\":\"https:\/\/www.interpadelmedia.com\/en\/#website\",\"url\":\"https:\/\/www.interpadelmedia.com\/en\/\",\"name\":\"Asociaci\u00f3n Internacional de Medios de P\u00e1del\",\"description\":\"El p\u00e1del une\",\"publisher\":{\"@id\":\"https:\/\/www.interpadelmedia.com\/en\/#organization\"},\"alternateName\":\"International Padel Media Association\",\"potentialAction\":[{\"@type\":\"SearchAction\",\"target\":{\"@type\":\"EntryPoint\",\"urlTemplate\":\"https:\/\/www.interpadelmedia.com\/en\/?s={search_term_string}\"},\"query-input\":{\"@type\":\"PropertyValueSpecification\",\"valueRequired\":true,\"valueName\":\"search_term_string\"}}],\"inLanguage\":\"en-US\"},{\"@type\":\"Organization\",\"@id\":\"https:\/\/www.interpadelmedia.com\/en\/#organization\",\"name\":\"Asociaci\u00f3n Internacional de Medios de P\u00e1del\",\"alternateName\":\"International Padel Media Association\",\"url\":\"https:\/\/www.interpadelmedia.com\/en\/\",\"logo\":{\"@type\":\"ImageObject\",\"inLanguage\":\"en-US\",\"@id\":\"https:\/\/www.interpadelmedia.com\/en\/#\/schema\/logo\/image\/\",\"url\":\"https:\/\/www.interpadelmedia.com\/wp-content\/uploads\/2025\/06\/Logo_verde_1_1.png\",\"contentUrl\":\"https:\/\/www.interpadelmedia.com\/wp-content\/uploads\/2025\/06\/Logo_verde_1_1.png\",\"width\":250,\"height\":250,\"caption\":\"Asociaci\u00f3n Internacional de Medios de P\u00e1del\"},\"image\":{\"@id\":\"https:\/\/www.interpadelmedia.com\/en\/#\/schema\/logo\/image\/\"},\"sameAs\":[\"https:\/\/www.facebook.com\/profile.php?id=61564675752871\",\"https:\/\/x.com\/InterPadelMedia\",\"https:\/\/www.instagram.com\/interpadelmedia\/\",\"https:\/\/www.linkedin.com\/company\/asociacion-internacional-de-medios-de-padel\/posts\/?feedView=all\"]},{\"@type\":\"Person\",\"@id\":\"https:\/\/www.interpadelmedia.com\/en\/#\/schema\/person\/502cbc75e2b9e89f3d1a72ff9d25b780\",\"name\":\"Iv\u00e1n Hern\u00e1ndez\",\"image\":{\"@type\":\"ImageObject\",\"inLanguage\":\"en-US\",\"@id\":\"https:\/\/www.interpadelmedia.com\/en\/#\/schema\/person\/image\/\",\"url\":\"https:\/\/secure.gravatar.com\/avatar\/6174e34f1a6d0d33c4e5ce65a3012cf6322775297114f2d698da6b4576af20bd?s=96&d=mm&r=g\",\"contentUrl\":\"https:\/\/secure.gravatar.com\/avatar\/6174e34f1a6d0d33c4e5ce65a3012cf6322775297114f2d698da6b4576af20bd?s=96&d=mm&r=g\",\"caption\":\"Iv\u00e1n Hern\u00e1ndez\"}}]}<\/script>\n<!-- \/ Yoast SEO plugin. -->","yoast_head_json":{"title":"Ari S\u00e1nchez joins adidas padel and strengthens the brand\u2019s elite team","description":"Ari S\u00e1nchez joins adidas padel, reinforcing the brand\u2019s commitment to innovation, talent and high performance in professional padel worldwide.","robots":{"index":"index","follow":"follow","max-snippet":"max-snippet:-1","max-image-preview":"max-image-preview:large","max-video-preview":"max-video-preview:-1"},"canonical":"https:\/\/www.interpadelmedia.com\/en\/the-magic-of-ari-sanchez-joins-the-adidas-padel-team\/","og_locale":"en_US","og_type":"article","og_title":"Ari S\u00e1nchez joins adidas padel: magic, talent and elite performance","og_description":"Adidas padel welcomes Ari S\u00e1nchez to its elite team, uniting talent, innovation and passion to keep pushing the limits of professional padel","og_url":"https:\/\/www.interpadelmedia.com\/en\/the-magic-of-ari-sanchez-joins-the-adidas-padel-team\/","og_site_name":"International Padel Media Association (IPMA)","article_publisher":"https:\/\/www.facebook.com\/profile.php?id=61564675752871","article_published_time":"2026-02-09T18:05:16+00:00","article_modified_time":"2026-02-09T18:14:38+00:00","og_image":[{"width":893,"height":1024,"url":"https:\/\/www.interpadelmedia.com\/wp-content\/uploads\/2026\/02\/ARIADIDASOFI-13-893x1024.png","type":"image\/png"}],"author":"Iv\u00e1n Hern\u00e1ndez","twitter_card":"summary_large_image","twitter_title":"Ari S\u00e1nchez joins adidas padel: magic, talent and elite performance","twitter_description":"Adidas padel welcomes Ari S\u00e1nchez to its elite team, uniting talent, innovation and passion to keep pushing the limits of professional padel","twitter_image":"https:\/\/www.interpadelmedia.com\/wp-content\/uploads\/2026\/02\/ARIADIDASOFI-13.png","twitter_creator":"@InterPadelMedia","twitter_site":"@InterPadelMedia","twitter_misc":{"Written by":"Iv\u00e1n Hern\u00e1ndez","Est. reading time":"2 minutes"},"schema":{"@context":"https:\/\/schema.org","@graph":[{"@type":"Article","@id":"https:\/\/www.interpadelmedia.com\/en\/the-magic-of-ari-sanchez-joins-the-adidas-padel-team\/#article","isPartOf":{"@id":"https:\/\/www.interpadelmedia.com\/en\/the-magic-of-ari-sanchez-joins-the-adidas-padel-team\/"},"author":{"name":"Iv\u00e1n Hern\u00e1ndez","@id":"https:\/\/www.interpadelmedia.com\/en\/#\/schema\/person\/502cbc75e2b9e89f3d1a72ff9d25b780"},"headline":"The magic of Ari S\u00e1nchez joins the adidas padel team.","datePublished":"2026-02-09T18:05:16+00:00","dateModified":"2026-02-09T18:14:38+00:00","mainEntityOfPage":{"@id":"https:\/\/www.interpadelmedia.com\/en\/the-magic-of-ari-sanchez-joins-the-adidas-padel-team\/"},"wordCount":283,"publisher":{"@id":"https:\/\/www.interpadelmedia.com\/en\/#organization"},"image":{"@id":"https:\/\/www.interpadelmedia.com\/en\/the-magic-of-ari-sanchez-joins-the-adidas-padel-team\/#primaryimage"},"thumbnailUrl":"https:\/\/www.interpadelmedia.com\/wp-content\/uploads\/2026\/02\/ARIADIDASOFI-13.png","articleSection":["News"],"inLanguage":"en-US"},{"@type":"WebPage","@id":"https:\/\/www.interpadelmedia.com\/en\/the-magic-of-ari-sanchez-joins-the-adidas-padel-team\/","url":"https:\/\/www.interpadelmedia.com\/en\/the-magic-of-ari-sanchez-joins-the-adidas-padel-team\/","name":"Ari S\u00e1nchez joins adidas padel and strengthens the brand\u2019s elite team","isPartOf":{"@id":"https:\/\/www.interpadelmedia.com\/en\/#website"},"primaryImageOfPage":{"@id":"https:\/\/www.interpadelmedia.com\/en\/the-magic-of-ari-sanchez-joins-the-adidas-padel-team\/#primaryimage"},"image":{"@id":"https:\/\/www.interpadelmedia.com\/en\/the-magic-of-ari-sanchez-joins-the-adidas-padel-team\/#primaryimage"},"thumbnailUrl":"https:\/\/www.interpadelmedia.com\/wp-content\/uploads\/2026\/02\/ARIADIDASOFI-13.png","datePublished":"2026-02-09T18:05:16+00:00","dateModified":"2026-02-09T18:14:38+00:00","description":"Ari S\u00e1nchez joins adidas padel, reinforcing the brand\u2019s commitment to innovation, talent and high performance in professional padel worldwide.","breadcrumb":{"@id":"https:\/\/www.interpadelmedia.com\/en\/the-magic-of-ari-sanchez-joins-the-adidas-padel-team\/#breadcrumb"},"inLanguage":"en-US","potentialAction":[{"@type":"ReadAction","target":["https:\/\/www.interpadelmedia.com\/en\/the-magic-of-ari-sanchez-joins-the-adidas-padel-team\/"]}]},{"@type":"ImageObject","inLanguage":"en-US","@id":"https:\/\/www.interpadelmedia.com\/en\/the-magic-of-ari-sanchez-joins-the-adidas-padel-team\/#primaryimage","url":"https:\/\/www.interpadelmedia.com\/wp-content\/uploads\/2026\/02\/ARIADIDASOFI-13.png","contentUrl":"https:\/\/www.interpadelmedia.com\/wp-content\/uploads\/2026\/02\/ARIADIDASOFI-13.png","width":1500,"height":1721},{"@type":"BreadcrumbList","@id":"https:\/\/www.interpadelmedia.com\/en\/the-magic-of-ari-sanchez-joins-the-adidas-padel-team\/#breadcrumb","itemListElement":[{"@type":"ListItem","position":1,"name":"Portada","item":"https:\/\/www.interpadelmedia.com\/en\/"},{"@type":"ListItem","position":2,"name":"The magic of Ari S\u00e1nchez joins the adidas padel team."}]},{"@type":"WebSite","@id":"https:\/\/www.interpadelmedia.com\/en\/#website","url":"https:\/\/www.interpadelmedia.com\/en\/","name":"Asociaci\u00f3n Internacional de Medios de P\u00e1del","description":"El p\u00e1del une","publisher":{"@id":"https:\/\/www.interpadelmedia.com\/en\/#organization"},"alternateName":"International Padel Media Association","potentialAction":[{"@type":"SearchAction","target":{"@type":"EntryPoint","urlTemplate":"https:\/\/www.interpadelmedia.com\/en\/?s={search_term_string}"},"query-input":{"@type":"PropertyValueSpecification","valueRequired":true,"valueName":"search_term_string"}}],"inLanguage":"en-US"},{"@type":"Organization","@id":"https:\/\/www.interpadelmedia.com\/en\/#organization","name":"Asociaci\u00f3n Internacional de Medios de P\u00e1del","alternateName":"International Padel Media Association","url":"https:\/\/www.interpadelmedia.com\/en\/","logo":{"@type":"ImageObject","inLanguage":"en-US","@id":"https:\/\/www.interpadelmedia.com\/en\/#\/schema\/logo\/image\/","url":"https:\/\/www.interpadelmedia.com\/wp-content\/uploads\/2025\/06\/Logo_verde_1_1.png","contentUrl":"https:\/\/www.interpadelmedia.com\/wp-content\/uploads\/2025\/06\/Logo_verde_1_1.png","width":250,"height":250,"caption":"Asociaci\u00f3n Internacional de Medios de P\u00e1del"},"image":{"@id":"https:\/\/www.interpadelmedia.com\/en\/#\/schema\/logo\/image\/"},"sameAs":["https:\/\/www.facebook.com\/profile.php?id=61564675752871","https:\/\/x.com\/InterPadelMedia","https:\/\/www.instagram.com\/interpadelmedia\/","https:\/\/www.linkedin.com\/company\/asociacion-internacional-de-medios-de-padel\/posts\/?feedView=all"]},{"@type":"Person","@id":"https:\/\/www.interpadelmedia.com\/en\/#\/schema\/person\/502cbc75e2b9e89f3d1a72ff9d25b780","name":"Iv\u00e1n Hern\u00e1ndez","image":{"@type":"ImageObject","inLanguage":"en-US","@id":"https:\/\/www.interpadelmedia.com\/en\/#\/schema\/person\/image\/","url":"https:\/\/secure.gravatar.com\/avatar\/6174e34f1a6d0d33c4e5ce65a3012cf6322775297114f2d698da6b4576af20bd?s=96&d=mm&r=g","contentUrl":"https:\/\/secure.gravatar.com\/avatar\/6174e34f1a6d0d33c4e5ce65a3012cf6322775297114f2d698da6b4576af20bd?s=96&d=mm&r=g","caption":"Iv\u00e1n Hern\u00e1ndez"}}]}},"_links":{"self":[{"href":"https:\/\/www.interpadelmedia.com\/en\/wp-json\/wp\/v2\/posts\/3026","targetHints":{"allow":["GET"]}}],"collection":[{"href":"https:\/\/www.interpadelmedia.com\/en\/wp-json\/wp\/v2\/posts"}],"about":[{"href":"https:\/\/www.interpadelmedia.com\/en\/wp-json\/wp\/v2\/types\/post"}],"author":[{"embeddable":true,"href":"https:\/\/www.interpadelmedia.com\/en\/wp-json\/wp\/v2\/users\/2"}],"replies":[{"embeddable":true,"href":"https:\/\/www.interpadelmedia.com\/en\/wp-json\/wp\/v2\/comments?post=3026"}],"version-history":[{"count":1,"href":"https:\/\/www.interpadelmedia.com\/en\/wp-json\/wp\/v2\/posts\/3026\/revisions"}],"predecessor-version":[{"id":3027,"href":"https:\/\/www.interpadelmedia.com\/en\/wp-json\/wp\/v2\/posts\/3026\/revisions\/3027"}],"wp:featuredmedia":[{"embeddable":true,"href":"https:\/\/www.interpadelmedia.com\/en\/wp-json\/wp\/v2\/media\/3025"}],"wp:attachment":[{"href":"https:\/\/www.interpadelmedia.com\/en\/wp-json\/wp\/v2\/media?parent=3026"}],"wp:term":[{"taxonomy":"category","embeddable":true,"href":"https:\/\/www.interpadelmedia.com\/en\/wp-json\/wp\/v2\/categories?post=3026"},{"taxonomy":"post_tag","embeddable":true,"href":"https:\/\/www.interpadelmedia.com\/en\/wp-json\/wp\/v2\/tags?post=3026"}],"curies":[{"name":"wp","href":"https:\/\/api.w.org\/{rel}","templated":true}]}}