{"id":2574,"date":"2025-12-18T11:50:49","date_gmt":"2025-12-18T10:50:49","guid":{"rendered":"https:\/\/www.interpadelmedia.com\/?p=2574"},"modified":"2025-12-19T17:59:44","modified_gmt":"2025-12-19T16:59:44","slug":"reserve-cup-series-announces-the-start-of-the-2026-season-in-miami","status":"publish","type":"post","link":"https:\/\/www.interpadelmedia.com\/en\/reserve-cup-series-announces-the-start-of-the-2026-season-in-miami\/","title":{"rendered":"Reserve Cup Series Announces the Start of the 2026 Season in Miami"},"content":{"rendered":"\n<p>Reserve Padel announces the return of its flagship tournament with the launch of the Reserve Cup Series 2026, a global, multi-city competition set to once again redefine the sport of padel. Following a historic year in which the Reserve Cup was held for the first time both in Miami and internationally in Marbella, the 2026 season will kick off in Miami at the Reserve Miami Seaplane Base from January 22 to 24, before expanding to new national and international venues to be announced in the coming months. These new locations and dates will depend on available windows, while fully respecting the Premier Padel professional circuit calendar.<\/p>\n\n\n\n<p>The iconic Reserve Miami Seaplane Base (1000 MacArthur Cswy, Miami, FL 33132) will once again be transformed into a world-class padel arena, bringing together for three days the world\u2019s best players, celebrities, and fans in an event packed with sport, luxury, and entertainment.<\/p>\n\n\n\n<p>Led by Reserve Padel Founder and CEO Wayne Boich, alongside Honorary President Jimmy Butler, the Reserve Cup has established itself as the ultimate meeting point between sporting excellence and lifestyle culture, and is recognized as one of the most prestigious events in professional padel.<\/p>\n\n\n\n<figure class=\"wp-block-image size-large\"><img decoding=\"async\" src=\"https:\/\/www.interpadelmedia.com\/wp-content\/uploads\/2025\/12\/Reserve-Cup-miami-2026-2-1-1024x599.png\" alt=\"\" class=\"wp-image-2572\"\/><\/figure>\n\n\n\n<p>\u201cThe momentum padel is experiencing is unlike anything we\u2019ve seen in recent years, and the Reserve Cup has become a key force behind that growth,\u201d said Wayne Boich. \u201cThe 2026 Series represents the next chapter: bigger stages, more cities, and new opportunities to showcase the world\u2019s best athletes. Our mission has always been to elevate padel onto a global stage, and with a new competitive format and the largest prize money in the sport\u2019s history, this season shows just how far padel has come and where it\u2019s headed.\u201d<\/p>\n\n\n\n<p>\u201cIf you think you\u2019ve already seen padel, you haven\u2019t experienced the Reserve Cup yet,\u201d added Jimmy Butler. \u201cIt\u2019s incredible to see how this sport is growing not only in the United States but around the world, and the Reserve Cup is proof of how global padel has become. Miami is about to raise the bar with the 2026 Series.\u201d<\/p>\n\n\n\n<p>The 2026 Series will feature the largest prize purse in padel history, along with two elite teams led by star captains. The lineup includes some of the world\u2019s top-ranked players, with confirmed participation from Arturo Coello, Agust\u00edn Tapia, Alejandro Gal\u00e1n, Coki Nieto, Miguel Yanguas, among others. With high-intensity matches, an electrifying atmosphere, and a global audience, Reserve Cup Miami continues to redefine what a sporting event can be.<\/p>\n\n\n\n<p>Beyond the court, attendees will enjoy exclusive hospitality experiences, including the return of The Reserve Club, a VIP lounge overlooking the bay with top-tier cuisine, as well as a Food &amp; Beverage Pavilion showcasing some of Miami\u2019s most iconic flavors.<\/p>\n\n\n\n<p>From its debut in 2024 to its international expansion in 2025, the Reserve Cup has become a true cultural phenomenon, driving the exponential growth of padel in the United States and abroad. The Miami 2026 edition will be both a celebration and the culmination of this momentum, bringing together athletes, brands, and fans from around the world to mark a pivotal moment in the evolution of the sport and officially kick off the Reserve Cup Series 2026.<\/p>\n\n\n\n<p>Reserve Cup Miami 2025 welcomed a notable list of attendees, including Derek and Hannah Jeter, Andrew Schulz, Zac Efron, Nick Bosa, Rony Seikaly, Paul Pogba, Blaise Matuidi, Gianluca Vacchi, Claire Holt, Francis Suarez, and Adewale Ogunleye.<\/p>\n\n\n\n<p>Tickets will be available exclusively through <a href=\"http:\/\/dorsia.com\/reservecup2026\">http:\/\/dorsia.com\/reservecup2026<\/a>. For more information, visit <a href=\"http:\/\/www.reservecup.com\">www.reservecup.com<\/a>.<\/p>\n","protected":false},"excerpt":{"rendered":"<p>The Reserve Cup Series 2026 begins in Miami, bringing elite padel players, record prize money, and a global lifestyle-driven sports event.<\/p>\n","protected":false},"author":2,"featured_media":2573,"comment_status":"closed","ping_status":"closed","sticky":false,"template":"","format":"standard","meta":{"footnotes":""},"categories":[1],"tags":[],"class_list":["post-2574","post","type-post","status-publish","format-standard","has-post-thumbnail","hentry","category-news"],"yoast_head":"<!-- This site is optimized with the Yoast SEO plugin v26.5 - https:\/\/yoast.com\/wordpress\/plugins\/seo\/ -->\n<title>Reserve Cup Series 2026 kicks off in Miami<\/title>\n<meta name=\"description\" content=\"Reserve Cup Series 2026 launches in Miami with top players, record prize money and a global padel experience.\" \/>\n<meta name=\"robots\" content=\"index, follow, max-snippet:-1, max-image-preview:large, max-video-preview:-1\" \/>\n<link rel=\"canonical\" href=\"https:\/\/www.interpadelmedia.com\/en\/reserve-cup-series-announces-the-start-of-the-2026-season-in-miami\/\" \/>\n<meta property=\"og:locale\" content=\"en_US\" \/>\n<meta property=\"og:type\" content=\"article\" \/>\n<meta property=\"og:title\" content=\"Reserve Cup Series 2026 kicks off in Miami\" \/>\n<meta property=\"og:description\" content=\"The Reserve Cup Series 2026 launches in Miami with the world\u2019s top padel players, record prize money, and a premium sports and lifestyle experience\" \/>\n<meta property=\"og:url\" content=\"https:\/\/www.interpadelmedia.com\/en\/reserve-cup-series-announces-the-start-of-the-2026-season-in-miami\/\" \/>\n<meta property=\"og:site_name\" content=\"International Padel Media Association (IPMA)\" \/>\n<meta property=\"article:publisher\" content=\"https:\/\/www.facebook.com\/profile.php?id=61564675752871\" \/>\n<meta property=\"article:published_time\" content=\"2025-12-18T10:50:49+00:00\" \/>\n<meta property=\"article:modified_time\" content=\"2025-12-19T16:59:44+00:00\" \/>\n<meta property=\"og:image\" content=\"https:\/\/www.interpadelmedia.com\/wp-content\/uploads\/2025\/12\/Reserve-Cup-2026-1.jpg\" \/>\n\t<meta property=\"og:image:width\" content=\"1500\" \/>\n\t<meta property=\"og:image:height\" content=\"1000\" \/>\n\t<meta property=\"og:image:type\" content=\"image\/jpeg\" \/>\n<meta name=\"author\" content=\"Iv\u00e1n Hern\u00e1ndez\" \/>\n<meta name=\"twitter:card\" content=\"summary_large_image\" \/>\n<meta name=\"twitter:title\" content=\"Reserve Cup Series 2026 kicks off in Miami\" \/>\n<meta name=\"twitter:description\" content=\"The Reserve Cup Series 2026 launches in Miami with the world\u2019s top padel players, record prize money, and a premium sports and lifestyle experience\" \/>\n<meta name=\"twitter:image\" content=\"https:\/\/www.interpadelmedia.com\/wp-content\/uploads\/2025\/12\/Reserve-Cup-2026-1.jpg\" \/>\n<meta name=\"twitter:creator\" content=\"@InterPadelMedia\" \/>\n<meta name=\"twitter:site\" content=\"@InterPadelMedia\" \/>\n<meta name=\"twitter:label1\" content=\"Written by\" \/>\n\t<meta name=\"twitter:data1\" content=\"Iv\u00e1n Hern\u00e1ndez\" \/>\n\t<meta name=\"twitter:label2\" content=\"Est. reading time\" \/>\n\t<meta name=\"twitter:data2\" content=\"4 minutes\" \/>\n<script type=\"application\/ld+json\" class=\"yoast-schema-graph\">{\"@context\":\"https:\/\/schema.org\",\"@graph\":[{\"@type\":\"Article\",\"@id\":\"https:\/\/www.interpadelmedia.com\/en\/reserve-cup-series-announces-the-start-of-the-2026-season-in-miami\/#article\",\"isPartOf\":{\"@id\":\"https:\/\/www.interpadelmedia.com\/en\/reserve-cup-series-announces-the-start-of-the-2026-season-in-miami\/\"},\"author\":{\"name\":\"Iv\u00e1n Hern\u00e1ndez\",\"@id\":\"https:\/\/www.interpadelmedia.com\/en\/#\/schema\/person\/502cbc75e2b9e89f3d1a72ff9d25b780\"},\"headline\":\"Reserve Cup Series Announces the Start of the 2026 Season in Miami\",\"datePublished\":\"2025-12-18T10:50:49+00:00\",\"dateModified\":\"2025-12-19T16:59:44+00:00\",\"mainEntityOfPage\":{\"@id\":\"https:\/\/www.interpadelmedia.com\/en\/reserve-cup-series-announces-the-start-of-the-2026-season-in-miami\/\"},\"wordCount\":587,\"publisher\":{\"@id\":\"https:\/\/www.interpadelmedia.com\/en\/#organization\"},\"image\":{\"@id\":\"https:\/\/www.interpadelmedia.com\/en\/reserve-cup-series-announces-the-start-of-the-2026-season-in-miami\/#primaryimage\"},\"thumbnailUrl\":\"https:\/\/www.interpadelmedia.com\/wp-content\/uploads\/2025\/12\/Reserve-Cup-2026-1.jpg\",\"articleSection\":[\"News\"],\"inLanguage\":\"en-US\"},{\"@type\":\"WebPage\",\"@id\":\"https:\/\/www.interpadelmedia.com\/en\/reserve-cup-series-announces-the-start-of-the-2026-season-in-miami\/\",\"url\":\"https:\/\/www.interpadelmedia.com\/en\/reserve-cup-series-announces-the-start-of-the-2026-season-in-miami\/\",\"name\":\"Reserve Cup Series 2026 kicks off in Miami\",\"isPartOf\":{\"@id\":\"https:\/\/www.interpadelmedia.com\/en\/#website\"},\"primaryImageOfPage\":{\"@id\":\"https:\/\/www.interpadelmedia.com\/en\/reserve-cup-series-announces-the-start-of-the-2026-season-in-miami\/#primaryimage\"},\"image\":{\"@id\":\"https:\/\/www.interpadelmedia.com\/en\/reserve-cup-series-announces-the-start-of-the-2026-season-in-miami\/#primaryimage\"},\"thumbnailUrl\":\"https:\/\/www.interpadelmedia.com\/wp-content\/uploads\/2025\/12\/Reserve-Cup-2026-1.jpg\",\"datePublished\":\"2025-12-18T10:50:49+00:00\",\"dateModified\":\"2025-12-19T16:59:44+00:00\",\"description\":\"Reserve Cup Series 2026 launches in Miami with top players, record prize money and a global padel experience.\",\"breadcrumb\":{\"@id\":\"https:\/\/www.interpadelmedia.com\/en\/reserve-cup-series-announces-the-start-of-the-2026-season-in-miami\/#breadcrumb\"},\"inLanguage\":\"en-US\",\"potentialAction\":[{\"@type\":\"ReadAction\",\"target\":[\"https:\/\/www.interpadelmedia.com\/en\/reserve-cup-series-announces-the-start-of-the-2026-season-in-miami\/\"]}]},{\"@type\":\"ImageObject\",\"inLanguage\":\"en-US\",\"@id\":\"https:\/\/www.interpadelmedia.com\/en\/reserve-cup-series-announces-the-start-of-the-2026-season-in-miami\/#primaryimage\",\"url\":\"https:\/\/www.interpadelmedia.com\/wp-content\/uploads\/2025\/12\/Reserve-Cup-2026-1.jpg\",\"contentUrl\":\"https:\/\/www.interpadelmedia.com\/wp-content\/uploads\/2025\/12\/Reserve-Cup-2026-1.jpg\",\"width\":1500,\"height\":1000},{\"@type\":\"BreadcrumbList\",\"@id\":\"https:\/\/www.interpadelmedia.com\/en\/reserve-cup-series-announces-the-start-of-the-2026-season-in-miami\/#breadcrumb\",\"itemListElement\":[{\"@type\":\"ListItem\",\"position\":1,\"name\":\"Portada\",\"item\":\"https:\/\/www.interpadelmedia.com\/en\/\"},{\"@type\":\"ListItem\",\"position\":2,\"name\":\"Reserve Cup Series Announces the Start of the 2026 Season in Miami\"}]},{\"@type\":\"WebSite\",\"@id\":\"https:\/\/www.interpadelmedia.com\/en\/#website\",\"url\":\"https:\/\/www.interpadelmedia.com\/en\/\",\"name\":\"Asociaci\u00f3n Internacional de Medios de P\u00e1del\",\"description\":\"El p\u00e1del une\",\"publisher\":{\"@id\":\"https:\/\/www.interpadelmedia.com\/en\/#organization\"},\"alternateName\":\"International Padel Media Association\",\"potentialAction\":[{\"@type\":\"SearchAction\",\"target\":{\"@type\":\"EntryPoint\",\"urlTemplate\":\"https:\/\/www.interpadelmedia.com\/en\/?s={search_term_string}\"},\"query-input\":{\"@type\":\"PropertyValueSpecification\",\"valueRequired\":true,\"valueName\":\"search_term_string\"}}],\"inLanguage\":\"en-US\"},{\"@type\":\"Organization\",\"@id\":\"https:\/\/www.interpadelmedia.com\/en\/#organization\",\"name\":\"Asociaci\u00f3n Internacional de Medios de P\u00e1del\",\"alternateName\":\"International Padel Media Association\",\"url\":\"https:\/\/www.interpadelmedia.com\/en\/\",\"logo\":{\"@type\":\"ImageObject\",\"inLanguage\":\"en-US\",\"@id\":\"https:\/\/www.interpadelmedia.com\/en\/#\/schema\/logo\/image\/\",\"url\":\"https:\/\/www.interpadelmedia.com\/wp-content\/uploads\/2025\/06\/Logo_verde_1_1.png\",\"contentUrl\":\"https:\/\/www.interpadelmedia.com\/wp-content\/uploads\/2025\/06\/Logo_verde_1_1.png\",\"width\":250,\"height\":250,\"caption\":\"Asociaci\u00f3n Internacional de Medios de P\u00e1del\"},\"image\":{\"@id\":\"https:\/\/www.interpadelmedia.com\/en\/#\/schema\/logo\/image\/\"},\"sameAs\":[\"https:\/\/www.facebook.com\/profile.php?id=61564675752871\",\"https:\/\/x.com\/InterPadelMedia\",\"https:\/\/www.instagram.com\/interpadelmedia\/\",\"https:\/\/www.linkedin.com\/company\/asociacion-internacional-de-medios-de-padel\/posts\/?feedView=all\"]},{\"@type\":\"Person\",\"@id\":\"https:\/\/www.interpadelmedia.com\/en\/#\/schema\/person\/502cbc75e2b9e89f3d1a72ff9d25b780\",\"name\":\"Iv\u00e1n Hern\u00e1ndez\",\"image\":{\"@type\":\"ImageObject\",\"inLanguage\":\"en-US\",\"@id\":\"https:\/\/www.interpadelmedia.com\/en\/#\/schema\/person\/image\/\",\"url\":\"https:\/\/secure.gravatar.com\/avatar\/6174e34f1a6d0d33c4e5ce65a3012cf6322775297114f2d698da6b4576af20bd?s=96&d=mm&r=g\",\"contentUrl\":\"https:\/\/secure.gravatar.com\/avatar\/6174e34f1a6d0d33c4e5ce65a3012cf6322775297114f2d698da6b4576af20bd?s=96&d=mm&r=g\",\"caption\":\"Iv\u00e1n Hern\u00e1ndez\"}}]}<\/script>\n<!-- \/ Yoast SEO plugin. -->","yoast_head_json":{"title":"Reserve Cup Series 2026 kicks off in Miami","description":"Reserve Cup Series 2026 launches in Miami with top players, record prize money and a global padel experience.","robots":{"index":"index","follow":"follow","max-snippet":"max-snippet:-1","max-image-preview":"max-image-preview:large","max-video-preview":"max-video-preview:-1"},"canonical":"https:\/\/www.interpadelmedia.com\/en\/reserve-cup-series-announces-the-start-of-the-2026-season-in-miami\/","og_locale":"en_US","og_type":"article","og_title":"Reserve Cup Series 2026 kicks off in Miami","og_description":"The Reserve Cup Series 2026 launches in Miami with the world\u2019s top padel players, record prize money, and a premium sports and lifestyle experience","og_url":"https:\/\/www.interpadelmedia.com\/en\/reserve-cup-series-announces-the-start-of-the-2026-season-in-miami\/","og_site_name":"International Padel Media Association (IPMA)","article_publisher":"https:\/\/www.facebook.com\/profile.php?id=61564675752871","article_published_time":"2025-12-18T10:50:49+00:00","article_modified_time":"2025-12-19T16:59:44+00:00","og_image":[{"width":1500,"height":1000,"url":"https:\/\/www.interpadelmedia.com\/wp-content\/uploads\/2025\/12\/Reserve-Cup-2026-1.jpg","type":"image\/jpeg"}],"author":"Iv\u00e1n Hern\u00e1ndez","twitter_card":"summary_large_image","twitter_title":"Reserve Cup Series 2026 kicks off in Miami","twitter_description":"The Reserve Cup Series 2026 launches in Miami with the world\u2019s top padel players, record prize money, and a premium sports and lifestyle experience","twitter_image":"https:\/\/www.interpadelmedia.com\/wp-content\/uploads\/2025\/12\/Reserve-Cup-2026-1.jpg","twitter_creator":"@InterPadelMedia","twitter_site":"@InterPadelMedia","twitter_misc":{"Written by":"Iv\u00e1n Hern\u00e1ndez","Est. reading time":"4 minutes"},"schema":{"@context":"https:\/\/schema.org","@graph":[{"@type":"Article","@id":"https:\/\/www.interpadelmedia.com\/en\/reserve-cup-series-announces-the-start-of-the-2026-season-in-miami\/#article","isPartOf":{"@id":"https:\/\/www.interpadelmedia.com\/en\/reserve-cup-series-announces-the-start-of-the-2026-season-in-miami\/"},"author":{"name":"Iv\u00e1n Hern\u00e1ndez","@id":"https:\/\/www.interpadelmedia.com\/en\/#\/schema\/person\/502cbc75e2b9e89f3d1a72ff9d25b780"},"headline":"Reserve Cup Series Announces the Start of the 2026 Season in Miami","datePublished":"2025-12-18T10:50:49+00:00","dateModified":"2025-12-19T16:59:44+00:00","mainEntityOfPage":{"@id":"https:\/\/www.interpadelmedia.com\/en\/reserve-cup-series-announces-the-start-of-the-2026-season-in-miami\/"},"wordCount":587,"publisher":{"@id":"https:\/\/www.interpadelmedia.com\/en\/#organization"},"image":{"@id":"https:\/\/www.interpadelmedia.com\/en\/reserve-cup-series-announces-the-start-of-the-2026-season-in-miami\/#primaryimage"},"thumbnailUrl":"https:\/\/www.interpadelmedia.com\/wp-content\/uploads\/2025\/12\/Reserve-Cup-2026-1.jpg","articleSection":["News"],"inLanguage":"en-US"},{"@type":"WebPage","@id":"https:\/\/www.interpadelmedia.com\/en\/reserve-cup-series-announces-the-start-of-the-2026-season-in-miami\/","url":"https:\/\/www.interpadelmedia.com\/en\/reserve-cup-series-announces-the-start-of-the-2026-season-in-miami\/","name":"Reserve Cup Series 2026 kicks off in Miami","isPartOf":{"@id":"https:\/\/www.interpadelmedia.com\/en\/#website"},"primaryImageOfPage":{"@id":"https:\/\/www.interpadelmedia.com\/en\/reserve-cup-series-announces-the-start-of-the-2026-season-in-miami\/#primaryimage"},"image":{"@id":"https:\/\/www.interpadelmedia.com\/en\/reserve-cup-series-announces-the-start-of-the-2026-season-in-miami\/#primaryimage"},"thumbnailUrl":"https:\/\/www.interpadelmedia.com\/wp-content\/uploads\/2025\/12\/Reserve-Cup-2026-1.jpg","datePublished":"2025-12-18T10:50:49+00:00","dateModified":"2025-12-19T16:59:44+00:00","description":"Reserve Cup Series 2026 launches in Miami with top players, record prize money and a global padel experience.","breadcrumb":{"@id":"https:\/\/www.interpadelmedia.com\/en\/reserve-cup-series-announces-the-start-of-the-2026-season-in-miami\/#breadcrumb"},"inLanguage":"en-US","potentialAction":[{"@type":"ReadAction","target":["https:\/\/www.interpadelmedia.com\/en\/reserve-cup-series-announces-the-start-of-the-2026-season-in-miami\/"]}]},{"@type":"ImageObject","inLanguage":"en-US","@id":"https:\/\/www.interpadelmedia.com\/en\/reserve-cup-series-announces-the-start-of-the-2026-season-in-miami\/#primaryimage","url":"https:\/\/www.interpadelmedia.com\/wp-content\/uploads\/2025\/12\/Reserve-Cup-2026-1.jpg","contentUrl":"https:\/\/www.interpadelmedia.com\/wp-content\/uploads\/2025\/12\/Reserve-Cup-2026-1.jpg","width":1500,"height":1000},{"@type":"BreadcrumbList","@id":"https:\/\/www.interpadelmedia.com\/en\/reserve-cup-series-announces-the-start-of-the-2026-season-in-miami\/#breadcrumb","itemListElement":[{"@type":"ListItem","position":1,"name":"Portada","item":"https:\/\/www.interpadelmedia.com\/en\/"},{"@type":"ListItem","position":2,"name":"Reserve Cup Series Announces the Start of the 2026 Season in Miami"}]},{"@type":"WebSite","@id":"https:\/\/www.interpadelmedia.com\/en\/#website","url":"https:\/\/www.interpadelmedia.com\/en\/","name":"Asociaci\u00f3n Internacional de Medios de P\u00e1del","description":"El p\u00e1del une","publisher":{"@id":"https:\/\/www.interpadelmedia.com\/en\/#organization"},"alternateName":"International Padel Media Association","potentialAction":[{"@type":"SearchAction","target":{"@type":"EntryPoint","urlTemplate":"https:\/\/www.interpadelmedia.com\/en\/?s={search_term_string}"},"query-input":{"@type":"PropertyValueSpecification","valueRequired":true,"valueName":"search_term_string"}}],"inLanguage":"en-US"},{"@type":"Organization","@id":"https:\/\/www.interpadelmedia.com\/en\/#organization","name":"Asociaci\u00f3n Internacional de Medios de P\u00e1del","alternateName":"International Padel Media Association","url":"https:\/\/www.interpadelmedia.com\/en\/","logo":{"@type":"ImageObject","inLanguage":"en-US","@id":"https:\/\/www.interpadelmedia.com\/en\/#\/schema\/logo\/image\/","url":"https:\/\/www.interpadelmedia.com\/wp-content\/uploads\/2025\/06\/Logo_verde_1_1.png","contentUrl":"https:\/\/www.interpadelmedia.com\/wp-content\/uploads\/2025\/06\/Logo_verde_1_1.png","width":250,"height":250,"caption":"Asociaci\u00f3n Internacional de Medios de P\u00e1del"},"image":{"@id":"https:\/\/www.interpadelmedia.com\/en\/#\/schema\/logo\/image\/"},"sameAs":["https:\/\/www.facebook.com\/profile.php?id=61564675752871","https:\/\/x.com\/InterPadelMedia","https:\/\/www.instagram.com\/interpadelmedia\/","https:\/\/www.linkedin.com\/company\/asociacion-internacional-de-medios-de-padel\/posts\/?feedView=all"]},{"@type":"Person","@id":"https:\/\/www.interpadelmedia.com\/en\/#\/schema\/person\/502cbc75e2b9e89f3d1a72ff9d25b780","name":"Iv\u00e1n Hern\u00e1ndez","image":{"@type":"ImageObject","inLanguage":"en-US","@id":"https:\/\/www.interpadelmedia.com\/en\/#\/schema\/person\/image\/","url":"https:\/\/secure.gravatar.com\/avatar\/6174e34f1a6d0d33c4e5ce65a3012cf6322775297114f2d698da6b4576af20bd?s=96&d=mm&r=g","contentUrl":"https:\/\/secure.gravatar.com\/avatar\/6174e34f1a6d0d33c4e5ce65a3012cf6322775297114f2d698da6b4576af20bd?s=96&d=mm&r=g","caption":"Iv\u00e1n Hern\u00e1ndez"}}]}},"_links":{"self":[{"href":"https:\/\/www.interpadelmedia.com\/en\/wp-json\/wp\/v2\/posts\/2574","targetHints":{"allow":["GET"]}}],"collection":[{"href":"https:\/\/www.interpadelmedia.com\/en\/wp-json\/wp\/v2\/posts"}],"about":[{"href":"https:\/\/www.interpadelmedia.com\/en\/wp-json\/wp\/v2\/types\/post"}],"author":[{"embeddable":true,"href":"https:\/\/www.interpadelmedia.com\/en\/wp-json\/wp\/v2\/users\/2"}],"replies":[{"embeddable":true,"href":"https:\/\/www.interpadelmedia.com\/en\/wp-json\/wp\/v2\/comments?post=2574"}],"version-history":[{"count":1,"href":"https:\/\/www.interpadelmedia.com\/en\/wp-json\/wp\/v2\/posts\/2574\/revisions"}],"predecessor-version":[{"id":2575,"href":"https:\/\/www.interpadelmedia.com\/en\/wp-json\/wp\/v2\/posts\/2574\/revisions\/2575"}],"wp:featuredmedia":[{"embeddable":true,"href":"https:\/\/www.interpadelmedia.com\/en\/wp-json\/wp\/v2\/media\/2573"}],"wp:attachment":[{"href":"https:\/\/www.interpadelmedia.com\/en\/wp-json\/wp\/v2\/media?parent=2574"}],"wp:term":[{"taxonomy":"category","embeddable":true,"href":"https:\/\/www.interpadelmedia.com\/en\/wp-json\/wp\/v2\/categories?post=2574"},{"taxonomy":"post_tag","embeddable":true,"href":"https:\/\/www.interpadelmedia.com\/en\/wp-json\/wp\/v2\/tags?post=2574"}],"curies":[{"name":"wp","href":"https:\/\/api.w.org\/{rel}","templated":true}]}}