{"id":2380,"date":"2025-05-30T15:16:38","date_gmt":"2025-05-30T13:16:38","guid":{"rendered":"https:\/\/www.interpadelmedia.com\/el-pws-barcelona-supera-sus-registros-anteriores\/"},"modified":"2025-05-30T15:16:38","modified_gmt":"2025-05-30T13:16:38","slug":"el-pws-barcelona-supera-sus-registros-anteriores","status":"publish","type":"post","link":"https:\/\/www.interpadelmedia.com\/en\/el-pws-barcelona-supera-sus-registros-anteriores\/","title":{"rendered":"El PWS Barcelona supera sus registros anteriores"},"content":{"rendered":"\n<p>Organizado conjuntamente por Fira de Barcelona y el International Padel Cluster, el PWS ha dado un nuevo impulso a las oportunidades de negocio que ofrece esta pr\u00e1ctica deportiva que est\u00e1 viviendo un momento de gran crecimiento a nivel global. A lo largo de sus tres d\u00edas de celebraci\u00f3n, se han desarrollado un relevante n\u00famero de operaciones comerciales, conectando marcas dedicadas al equipamiento, a la fabricaci\u00f3n de pistas, a diversas herramientas de software, responsables de clubes, etc. Todo ello con un marcado car\u00e1cter internacional (m\u00e1s del 40% de los asistentes eran de fuera de Espa\u00f1a).<\/p>\n\n\n\n<p>Su m\u00e1ximo responsable, \u00c1lex Ponseti, afirmaba al hacer balance que \u201cla apuesta por organizar el PWS en Barcelona ha sido un completo acierto. En esta edici\u00f3n, hemos dado un salto cualitativo tanto en lo que hace referencia en la oferta comercial expuesta como en el programa congresual, dibujando la hoja de ruta de presente y de futuro de nuestro deporte\u201d.<\/p>\n\n\n\n<figure class=\"wp-block-image size-full\"><img fetchpriority=\"high\" decoding=\"async\" width=\"1024\" height=\"684\" src=\"https:\/\/www.interpadelmedia.com\/wp-content\/uploads\/2025\/06\/Resumen-segunda-edicion-PWS-Barcelona-2025-dentro2-1024x684-1.jpg\" alt=\"\" class=\"wp-image-1417\" srcset=\"https:\/\/www.interpadelmedia.com\/wp-content\/uploads\/2025\/06\/Resumen-segunda-edicion-PWS-Barcelona-2025-dentro2-1024x684-1.jpg 1024w, https:\/\/www.interpadelmedia.com\/wp-content\/uploads\/2025\/06\/Resumen-segunda-edicion-PWS-Barcelona-2025-dentro2-1024x684-1-300x200.jpg 300w, https:\/\/www.interpadelmedia.com\/wp-content\/uploads\/2025\/06\/Resumen-segunda-edicion-PWS-Barcelona-2025-dentro2-1024x684-1-768x513.jpg 768w\" sizes=\"(max-width: 1024px) 100vw, 1024px\" \/><\/figure>\n\n\n\n<p>Los medios de la Asociaci\u00f3n han sido ejemplares en la difusi\u00f3n de las diferentes presentaciones, reconocimientos, testeos de material, entrevistas, etc, con el objetivo de hacer m\u00e1s grande el evento y, sobre todo, para que el p\u00fablico que no pudo asistir al tratarse de una cita para profesionales, pudiera conocer todo lo que ha generado.<\/p>\n\n\n\n<p>En palabras de Iv\u00e1n Hern\u00e1ndez, presidente de IMPA, \u201cla presencia de varios de nuestros asociados ha servido para que el Summit este a\u00f1o haya crecido en difusi\u00f3n, para que la divulgaci\u00f3n de todo su contenido haya sido mayor. Quiero dar las gracias tanto a la agencia Secreto a Voces, como al Cl\u00faster del P\u00e1del y a Fira de Barcelona por el trato a nuestros compa\u00f1eros y por habernos facilitado la labor cada d\u00eda. Nuestro objetivo no ha sido otro que el de sumar y trabajando conjuntamente con ellos lo hemos logrado\u201d.<\/p>\n\n\n\n<p><\/p>\n","protected":false},"excerpt":{"rendered":"<p>El PWS en Barcelona impuls\u00f3 oportunidades de negocio en el p\u00e1del, con gran participaci\u00f3n internacional y un destacado crecimiento en la oferta comercial y difusi\u00f3n.<\/p>\n","protected":false},"author":1,"featured_media":2381,"comment_status":"closed","ping_status":"open","sticky":false,"template":"","format":"standard","meta":{"footnotes":""},"categories":[1],"tags":[],"class_list":["post-2380","post","type-post","status-publish","format-standard","has-post-thumbnail","hentry","category-news"],"yoast_head":"<!-- This site is optimized with the Yoast SEO plugin v26.5 - https:\/\/yoast.com\/wordpress\/plugins\/seo\/ -->\n<title>El PWS Barcelona supera sus registros anteriores - International Padel Media Association (IPMA)<\/title>\n<meta name=\"robots\" content=\"index, follow, max-snippet:-1, max-image-preview:large, max-video-preview:-1\" \/>\n<link rel=\"canonical\" href=\"https:\/\/www.interpadelmedia.com\/en\/el-pws-barcelona-supera-sus-registros-anteriores\/\" \/>\n<meta property=\"og:locale\" content=\"en_US\" \/>\n<meta property=\"og:type\" content=\"article\" \/>\n<meta property=\"og:title\" content=\"El PWS Barcelona supera sus registros anteriores - International Padel Media Association (IPMA)\" \/>\n<meta property=\"og:description\" content=\"El PWS en Barcelona impuls\u00f3 oportunidades de negocio en el p\u00e1del, con gran participaci\u00f3n internacional y un destacado crecimiento en la oferta comercial y difusi\u00f3n.\" \/>\n<meta property=\"og:url\" content=\"https:\/\/www.interpadelmedia.com\/en\/el-pws-barcelona-supera-sus-registros-anteriores\/\" \/>\n<meta property=\"og:site_name\" content=\"International Padel Media Association (IPMA)\" \/>\n<meta property=\"article:publisher\" content=\"https:\/\/www.facebook.com\/profile.php?id=61564675752871\" \/>\n<meta property=\"article:published_time\" content=\"2025-05-30T13:16:38+00:00\" \/>\n<meta property=\"og:image\" content=\"https:\/\/www.interpadelmedia.com\/wp-content\/uploads\/2025\/06\/Resumen-segunda-edicion-PWS-Barcelona-2025-dentro2-1024x684-1.jpg\" \/>\n\t<meta property=\"og:image:width\" content=\"1024\" \/>\n\t<meta property=\"og:image:height\" content=\"684\" \/>\n\t<meta property=\"og:image:type\" content=\"image\/jpeg\" \/>\n<meta name=\"author\" content=\"IPMA\" \/>\n<meta name=\"twitter:card\" content=\"summary_large_image\" \/>\n<meta name=\"twitter:creator\" content=\"@InterPadelMedia\" \/>\n<meta name=\"twitter:site\" content=\"@InterPadelMedia\" \/>\n<meta name=\"twitter:label1\" content=\"Written by\" \/>\n\t<meta name=\"twitter:data1\" content=\"IPMA\" \/>\n\t<meta name=\"twitter:label2\" content=\"Est. reading time\" \/>\n\t<meta name=\"twitter:data2\" content=\"2 minutes\" \/>\n<script type=\"application\/ld+json\" class=\"yoast-schema-graph\">{\"@context\":\"https:\/\/schema.org\",\"@graph\":[{\"@type\":\"Article\",\"@id\":\"https:\/\/www.interpadelmedia.com\/en\/el-pws-barcelona-supera-sus-registros-anteriores\/#article\",\"isPartOf\":{\"@id\":\"https:\/\/www.interpadelmedia.com\/en\/el-pws-barcelona-supera-sus-registros-anteriores\/\"},\"author\":{\"name\":\"IPMA\",\"@id\":\"https:\/\/www.interpadelmedia.com\/en\/#\/schema\/person\/d3f689f77785de0e7417860bf0ae51f1\"},\"headline\":\"El PWS Barcelona supera sus registros anteriores\",\"datePublished\":\"2025-05-30T13:16:38+00:00\",\"mainEntityOfPage\":{\"@id\":\"https:\/\/www.interpadelmedia.com\/en\/el-pws-barcelona-supera-sus-registros-anteriores\/\"},\"wordCount\":329,\"publisher\":{\"@id\":\"https:\/\/www.interpadelmedia.com\/en\/#organization\"},\"image\":{\"@id\":\"https:\/\/www.interpadelmedia.com\/en\/el-pws-barcelona-supera-sus-registros-anteriores\/#primaryimage\"},\"thumbnailUrl\":\"https:\/\/www.interpadelmedia.com\/wp-content\/uploads\/2025\/06\/Resumen-segunda-edicion-PWS-Barcelona-2025-dentro-1024x684-1.jpg\",\"articleSection\":[\"News\"],\"inLanguage\":\"en-US\"},{\"@type\":\"WebPage\",\"@id\":\"https:\/\/www.interpadelmedia.com\/en\/el-pws-barcelona-supera-sus-registros-anteriores\/\",\"url\":\"https:\/\/www.interpadelmedia.com\/en\/el-pws-barcelona-supera-sus-registros-anteriores\/\",\"name\":\"El PWS Barcelona supera sus registros anteriores - International Padel Media Association (IPMA)\",\"isPartOf\":{\"@id\":\"https:\/\/www.interpadelmedia.com\/en\/#website\"},\"primaryImageOfPage\":{\"@id\":\"https:\/\/www.interpadelmedia.com\/en\/el-pws-barcelona-supera-sus-registros-anteriores\/#primaryimage\"},\"image\":{\"@id\":\"https:\/\/www.interpadelmedia.com\/en\/el-pws-barcelona-supera-sus-registros-anteriores\/#primaryimage\"},\"thumbnailUrl\":\"https:\/\/www.interpadelmedia.com\/wp-content\/uploads\/2025\/06\/Resumen-segunda-edicion-PWS-Barcelona-2025-dentro-1024x684-1.jpg\",\"datePublished\":\"2025-05-30T13:16:38+00:00\",\"breadcrumb\":{\"@id\":\"https:\/\/www.interpadelmedia.com\/en\/el-pws-barcelona-supera-sus-registros-anteriores\/#breadcrumb\"},\"inLanguage\":\"en-US\",\"potentialAction\":[{\"@type\":\"ReadAction\",\"target\":[\"https:\/\/www.interpadelmedia.com\/en\/el-pws-barcelona-supera-sus-registros-anteriores\/\"]}]},{\"@type\":\"ImageObject\",\"inLanguage\":\"en-US\",\"@id\":\"https:\/\/www.interpadelmedia.com\/en\/el-pws-barcelona-supera-sus-registros-anteriores\/#primaryimage\",\"url\":\"https:\/\/www.interpadelmedia.com\/wp-content\/uploads\/2025\/06\/Resumen-segunda-edicion-PWS-Barcelona-2025-dentro-1024x684-1.jpg\",\"contentUrl\":\"https:\/\/www.interpadelmedia.com\/wp-content\/uploads\/2025\/06\/Resumen-segunda-edicion-PWS-Barcelona-2025-dentro-1024x684-1.jpg\",\"width\":1024,\"height\":684},{\"@type\":\"BreadcrumbList\",\"@id\":\"https:\/\/www.interpadelmedia.com\/en\/el-pws-barcelona-supera-sus-registros-anteriores\/#breadcrumb\",\"itemListElement\":[{\"@type\":\"ListItem\",\"position\":1,\"name\":\"Portada\",\"item\":\"https:\/\/www.interpadelmedia.com\/en\/\"},{\"@type\":\"ListItem\",\"position\":2,\"name\":\"El PWS Barcelona supera sus registros anteriores\"}]},{\"@type\":\"WebSite\",\"@id\":\"https:\/\/www.interpadelmedia.com\/en\/#website\",\"url\":\"https:\/\/www.interpadelmedia.com\/en\/\",\"name\":\"Asociaci\u00f3n Internacional de Medios de P\u00e1del\",\"description\":\"El p\u00e1del une\",\"publisher\":{\"@id\":\"https:\/\/www.interpadelmedia.com\/en\/#organization\"},\"alternateName\":\"International Padel Media Association\",\"potentialAction\":[{\"@type\":\"SearchAction\",\"target\":{\"@type\":\"EntryPoint\",\"urlTemplate\":\"https:\/\/www.interpadelmedia.com\/en\/?s={search_term_string}\"},\"query-input\":{\"@type\":\"PropertyValueSpecification\",\"valueRequired\":true,\"valueName\":\"search_term_string\"}}],\"inLanguage\":\"en-US\"},{\"@type\":\"Organization\",\"@id\":\"https:\/\/www.interpadelmedia.com\/en\/#organization\",\"name\":\"Asociaci\u00f3n Internacional de Medios de P\u00e1del\",\"alternateName\":\"International Padel Media Association\",\"url\":\"https:\/\/www.interpadelmedia.com\/en\/\",\"logo\":{\"@type\":\"ImageObject\",\"inLanguage\":\"en-US\",\"@id\":\"https:\/\/www.interpadelmedia.com\/en\/#\/schema\/logo\/image\/\",\"url\":\"https:\/\/www.interpadelmedia.com\/wp-content\/uploads\/2025\/06\/Logo_verde_1_1.png\",\"contentUrl\":\"https:\/\/www.interpadelmedia.com\/wp-content\/uploads\/2025\/06\/Logo_verde_1_1.png\",\"width\":250,\"height\":250,\"caption\":\"Asociaci\u00f3n Internacional de Medios de P\u00e1del\"},\"image\":{\"@id\":\"https:\/\/www.interpadelmedia.com\/en\/#\/schema\/logo\/image\/\"},\"sameAs\":[\"https:\/\/www.facebook.com\/profile.php?id=61564675752871\",\"https:\/\/x.com\/InterPadelMedia\",\"https:\/\/www.instagram.com\/interpadelmedia\/\",\"https:\/\/www.linkedin.com\/company\/asociacion-internacional-de-medios-de-padel\/posts\/?feedView=all\"]},{\"@type\":\"Person\",\"@id\":\"https:\/\/www.interpadelmedia.com\/en\/#\/schema\/person\/d3f689f77785de0e7417860bf0ae51f1\",\"name\":\"IPMA\",\"image\":{\"@type\":\"ImageObject\",\"inLanguage\":\"en-US\",\"@id\":\"https:\/\/www.interpadelmedia.com\/en\/#\/schema\/person\/image\/\",\"url\":\"https:\/\/secure.gravatar.com\/avatar\/94b1346d3af9583df301527ae35ff0139bded536474c024abdefdc3eabd27b6e?s=96&d=mm&r=g\",\"contentUrl\":\"https:\/\/secure.gravatar.com\/avatar\/94b1346d3af9583df301527ae35ff0139bded536474c024abdefdc3eabd27b6e?s=96&d=mm&r=g\",\"caption\":\"IPMA\"},\"sameAs\":[\"https:\/\/www.interpadelmedia.com\"]}]}<\/script>\n<!-- \/ Yoast SEO plugin. -->","yoast_head_json":{"title":"El PWS Barcelona supera sus registros anteriores - International Padel Media Association (IPMA)","robots":{"index":"index","follow":"follow","max-snippet":"max-snippet:-1","max-image-preview":"max-image-preview:large","max-video-preview":"max-video-preview:-1"},"canonical":"https:\/\/www.interpadelmedia.com\/en\/el-pws-barcelona-supera-sus-registros-anteriores\/","og_locale":"en_US","og_type":"article","og_title":"El PWS Barcelona supera sus registros anteriores - International Padel Media Association (IPMA)","og_description":"El PWS en Barcelona impuls\u00f3 oportunidades de negocio en el p\u00e1del, con gran participaci\u00f3n internacional y un destacado crecimiento en la oferta comercial y difusi\u00f3n.","og_url":"https:\/\/www.interpadelmedia.com\/en\/el-pws-barcelona-supera-sus-registros-anteriores\/","og_site_name":"International Padel Media Association (IPMA)","article_publisher":"https:\/\/www.facebook.com\/profile.php?id=61564675752871","article_published_time":"2025-05-30T13:16:38+00:00","og_image":[{"width":1024,"height":684,"url":"https:\/\/www.interpadelmedia.com\/wp-content\/uploads\/2025\/06\/Resumen-segunda-edicion-PWS-Barcelona-2025-dentro2-1024x684-1.jpg","type":"image\/jpeg"}],"author":"IPMA","twitter_card":"summary_large_image","twitter_creator":"@InterPadelMedia","twitter_site":"@InterPadelMedia","twitter_misc":{"Written by":"IPMA","Est. reading time":"2 minutes"},"schema":{"@context":"https:\/\/schema.org","@graph":[{"@type":"Article","@id":"https:\/\/www.interpadelmedia.com\/en\/el-pws-barcelona-supera-sus-registros-anteriores\/#article","isPartOf":{"@id":"https:\/\/www.interpadelmedia.com\/en\/el-pws-barcelona-supera-sus-registros-anteriores\/"},"author":{"name":"IPMA","@id":"https:\/\/www.interpadelmedia.com\/en\/#\/schema\/person\/d3f689f77785de0e7417860bf0ae51f1"},"headline":"El PWS Barcelona supera sus registros anteriores","datePublished":"2025-05-30T13:16:38+00:00","mainEntityOfPage":{"@id":"https:\/\/www.interpadelmedia.com\/en\/el-pws-barcelona-supera-sus-registros-anteriores\/"},"wordCount":329,"publisher":{"@id":"https:\/\/www.interpadelmedia.com\/en\/#organization"},"image":{"@id":"https:\/\/www.interpadelmedia.com\/en\/el-pws-barcelona-supera-sus-registros-anteriores\/#primaryimage"},"thumbnailUrl":"https:\/\/www.interpadelmedia.com\/wp-content\/uploads\/2025\/06\/Resumen-segunda-edicion-PWS-Barcelona-2025-dentro-1024x684-1.jpg","articleSection":["News"],"inLanguage":"en-US"},{"@type":"WebPage","@id":"https:\/\/www.interpadelmedia.com\/en\/el-pws-barcelona-supera-sus-registros-anteriores\/","url":"https:\/\/www.interpadelmedia.com\/en\/el-pws-barcelona-supera-sus-registros-anteriores\/","name":"El PWS Barcelona supera sus registros anteriores - International Padel Media Association (IPMA)","isPartOf":{"@id":"https:\/\/www.interpadelmedia.com\/en\/#website"},"primaryImageOfPage":{"@id":"https:\/\/www.interpadelmedia.com\/en\/el-pws-barcelona-supera-sus-registros-anteriores\/#primaryimage"},"image":{"@id":"https:\/\/www.interpadelmedia.com\/en\/el-pws-barcelona-supera-sus-registros-anteriores\/#primaryimage"},"thumbnailUrl":"https:\/\/www.interpadelmedia.com\/wp-content\/uploads\/2025\/06\/Resumen-segunda-edicion-PWS-Barcelona-2025-dentro-1024x684-1.jpg","datePublished":"2025-05-30T13:16:38+00:00","breadcrumb":{"@id":"https:\/\/www.interpadelmedia.com\/en\/el-pws-barcelona-supera-sus-registros-anteriores\/#breadcrumb"},"inLanguage":"en-US","potentialAction":[{"@type":"ReadAction","target":["https:\/\/www.interpadelmedia.com\/en\/el-pws-barcelona-supera-sus-registros-anteriores\/"]}]},{"@type":"ImageObject","inLanguage":"en-US","@id":"https:\/\/www.interpadelmedia.com\/en\/el-pws-barcelona-supera-sus-registros-anteriores\/#primaryimage","url":"https:\/\/www.interpadelmedia.com\/wp-content\/uploads\/2025\/06\/Resumen-segunda-edicion-PWS-Barcelona-2025-dentro-1024x684-1.jpg","contentUrl":"https:\/\/www.interpadelmedia.com\/wp-content\/uploads\/2025\/06\/Resumen-segunda-edicion-PWS-Barcelona-2025-dentro-1024x684-1.jpg","width":1024,"height":684},{"@type":"BreadcrumbList","@id":"https:\/\/www.interpadelmedia.com\/en\/el-pws-barcelona-supera-sus-registros-anteriores\/#breadcrumb","itemListElement":[{"@type":"ListItem","position":1,"name":"Portada","item":"https:\/\/www.interpadelmedia.com\/en\/"},{"@type":"ListItem","position":2,"name":"El PWS Barcelona supera sus registros anteriores"}]},{"@type":"WebSite","@id":"https:\/\/www.interpadelmedia.com\/en\/#website","url":"https:\/\/www.interpadelmedia.com\/en\/","name":"Asociaci\u00f3n Internacional de Medios de P\u00e1del","description":"El p\u00e1del une","publisher":{"@id":"https:\/\/www.interpadelmedia.com\/en\/#organization"},"alternateName":"International Padel Media Association","potentialAction":[{"@type":"SearchAction","target":{"@type":"EntryPoint","urlTemplate":"https:\/\/www.interpadelmedia.com\/en\/?s={search_term_string}"},"query-input":{"@type":"PropertyValueSpecification","valueRequired":true,"valueName":"search_term_string"}}],"inLanguage":"en-US"},{"@type":"Organization","@id":"https:\/\/www.interpadelmedia.com\/en\/#organization","name":"Asociaci\u00f3n Internacional de Medios de P\u00e1del","alternateName":"International Padel Media Association","url":"https:\/\/www.interpadelmedia.com\/en\/","logo":{"@type":"ImageObject","inLanguage":"en-US","@id":"https:\/\/www.interpadelmedia.com\/en\/#\/schema\/logo\/image\/","url":"https:\/\/www.interpadelmedia.com\/wp-content\/uploads\/2025\/06\/Logo_verde_1_1.png","contentUrl":"https:\/\/www.interpadelmedia.com\/wp-content\/uploads\/2025\/06\/Logo_verde_1_1.png","width":250,"height":250,"caption":"Asociaci\u00f3n Internacional de Medios de P\u00e1del"},"image":{"@id":"https:\/\/www.interpadelmedia.com\/en\/#\/schema\/logo\/image\/"},"sameAs":["https:\/\/www.facebook.com\/profile.php?id=61564675752871","https:\/\/x.com\/InterPadelMedia","https:\/\/www.instagram.com\/interpadelmedia\/","https:\/\/www.linkedin.com\/company\/asociacion-internacional-de-medios-de-padel\/posts\/?feedView=all"]},{"@type":"Person","@id":"https:\/\/www.interpadelmedia.com\/en\/#\/schema\/person\/d3f689f77785de0e7417860bf0ae51f1","name":"IPMA","image":{"@type":"ImageObject","inLanguage":"en-US","@id":"https:\/\/www.interpadelmedia.com\/en\/#\/schema\/person\/image\/","url":"https:\/\/secure.gravatar.com\/avatar\/94b1346d3af9583df301527ae35ff0139bded536474c024abdefdc3eabd27b6e?s=96&d=mm&r=g","contentUrl":"https:\/\/secure.gravatar.com\/avatar\/94b1346d3af9583df301527ae35ff0139bded536474c024abdefdc3eabd27b6e?s=96&d=mm&r=g","caption":"IPMA"},"sameAs":["https:\/\/www.interpadelmedia.com"]}]}},"_links":{"self":[{"href":"https:\/\/www.interpadelmedia.com\/en\/wp-json\/wp\/v2\/posts\/2380","targetHints":{"allow":["GET"]}}],"collection":[{"href":"https:\/\/www.interpadelmedia.com\/en\/wp-json\/wp\/v2\/posts"}],"about":[{"href":"https:\/\/www.interpadelmedia.com\/en\/wp-json\/wp\/v2\/types\/post"}],"author":[{"embeddable":true,"href":"https:\/\/www.interpadelmedia.com\/en\/wp-json\/wp\/v2\/users\/1"}],"replies":[{"embeddable":true,"href":"https:\/\/www.interpadelmedia.com\/en\/wp-json\/wp\/v2\/comments?post=2380"}],"version-history":[{"count":0,"href":"https:\/\/www.interpadelmedia.com\/en\/wp-json\/wp\/v2\/posts\/2380\/revisions"}],"wp:featuredmedia":[{"embeddable":true,"href":"https:\/\/www.interpadelmedia.com\/en\/wp-json\/wp\/v2\/media\/2381"}],"wp:attachment":[{"href":"https:\/\/www.interpadelmedia.com\/en\/wp-json\/wp\/v2\/media?parent=2380"}],"wp:term":[{"taxonomy":"category","embeddable":true,"href":"https:\/\/www.interpadelmedia.com\/en\/wp-json\/wp\/v2\/categories?post=2380"},{"taxonomy":"post_tag","embeddable":true,"href":"https:\/\/www.interpadelmedia.com\/en\/wp-json\/wp\/v2\/tags?post=2380"}],"curies":[{"name":"wp","href":"https:\/\/api.w.org\/{rel}","templated":true}]}}