{"id":2378,"date":"2025-06-02T15:17:58","date_gmt":"2025-06-02T13:17:58","guid":{"rendered":"https:\/\/www.interpadelmedia.com\/la-asociacion-internacional-de-medios-de-padel-amplia-la-difusion-de-la-segunda-edicion-del-padel-world-summit\/"},"modified":"2025-06-02T15:17:58","modified_gmt":"2025-06-02T13:17:58","slug":"la-asociacion-internacional-de-medios-de-padel-amplia-la-difusion-de-la-segunda-edicion-del-padel-world-summit","status":"publish","type":"post","link":"https:\/\/www.interpadelmedia.com\/en\/la-asociacion-internacional-de-medios-de-padel-amplia-la-difusion-de-la-segunda-edicion-del-padel-world-summit\/","title":{"rendered":"La Asociaci\u00f3n Internacional de Medios de P\u00e1del ampl\u00eda la difusi\u00f3n de la segunda edici\u00f3n del Padel World Summit"},"content":{"rendered":"\n<p>Tres d\u00edas repletos de p\u00e1del pero esta vez sin competici\u00f3n, sino de presentaciones, charlas y reuniones, muchas reuniones. As\u00ed se puede resumir la segunda edici\u00f3n del Padel World Summit, cita que ha tenido lugar en Barcelona durante los d\u00edas 27, 28 y 29 de mayo.<\/p>\n\n\n\n<p>En las magn\u00edficas instalaciones de Fira Barcelona, hasta 10 miembros de nuestra Asociaci\u00f3n se dieron cita para intentar mejorar los registros de difusi\u00f3n del evento del pasado a\u00f1o y la verdad que ha sido todo un \u00e9xito.<\/p>\n\n\n\n<p>Con cerca de 6000 asistentes, hemos logrado unir fuerzas con la organizaci\u00f3n del certamen y el nivel de exposici\u00f3n ha superado todas las expectativas.<\/p>\n\n\n\n<p>El evento ha logrado reunir a 120 empresas expositoras de 22 pa\u00edses, as\u00ed como a un centenar de ponentes y diversos medios de comunicaci\u00f3n, los cuales hemos informado de todo lo ocurrido, publicando contenido diario tanto en los peri\u00f3dicos como en las redes sociales.<\/p>\n\n\n\n<p><\/p>\n","protected":false},"excerpt":{"rendered":"<p>La Asociaci\u00f3n Internacional de Medios de P\u00e1del promueve la segunda edici\u00f3n del Padel World Summit, ampliando su difusi\u00f3n y alcance en el \u00e1mbito del p\u00e1del.<\/p>\n","protected":false},"author":1,"featured_media":2379,"comment_status":"closed","ping_status":"open","sticky":false,"template":"","format":"standard","meta":{"footnotes":""},"categories":[1],"tags":[],"class_list":["post-2378","post","type-post","status-publish","format-standard","has-post-thumbnail","hentry","category-news"],"yoast_head":"<!-- This site is optimized with the Yoast SEO plugin v26.5 - https:\/\/yoast.com\/wordpress\/plugins\/seo\/ -->\n<title>La Asociaci\u00f3n Internacional de Medios de P\u00e1del ampl\u00eda la difusi\u00f3n de la segunda edici\u00f3n del Padel World Summit - International Padel Media Association (IPMA)<\/title>\n<meta name=\"robots\" content=\"index, follow, max-snippet:-1, max-image-preview:large, max-video-preview:-1\" \/>\n<link rel=\"canonical\" href=\"https:\/\/www.interpadelmedia.com\/en\/la-asociacion-internacional-de-medios-de-padel-amplia-la-difusion-de-la-segunda-edicion-del-padel-world-summit\/\" \/>\n<meta property=\"og:locale\" content=\"en_US\" \/>\n<meta property=\"og:type\" content=\"article\" \/>\n<meta property=\"og:title\" content=\"La Asociaci\u00f3n Internacional de Medios de P\u00e1del ampl\u00eda la difusi\u00f3n de la segunda edici\u00f3n del Padel World Summit - International Padel Media Association (IPMA)\" \/>\n<meta property=\"og:description\" content=\"La Asociaci\u00f3n Internacional de Medios de P\u00e1del promueve la segunda edici\u00f3n del Padel World Summit, ampliando su difusi\u00f3n y alcance en el \u00e1mbito del p\u00e1del.\" \/>\n<meta property=\"og:url\" content=\"https:\/\/www.interpadelmedia.com\/en\/la-asociacion-internacional-de-medios-de-padel-amplia-la-difusion-de-la-segunda-edicion-del-padel-world-summit\/\" \/>\n<meta property=\"og:site_name\" content=\"International Padel Media Association (IPMA)\" \/>\n<meta property=\"article:publisher\" content=\"https:\/\/www.facebook.com\/profile.php?id=61564675752871\" \/>\n<meta property=\"article:published_time\" content=\"2025-06-02T13:17:58+00:00\" \/>\n<meta property=\"og:image\" content=\"https:\/\/www.interpadelmedia.com\/wp-content\/uploads\/2025\/06\/Open_Graph_verde.png\" \/>\n\t<meta property=\"og:image:width\" content=\"1200\" \/>\n\t<meta property=\"og:image:height\" content=\"630\" \/>\n\t<meta property=\"og:image:type\" content=\"image\/png\" \/>\n<meta name=\"author\" content=\"IPMA\" \/>\n<meta name=\"twitter:card\" content=\"summary_large_image\" \/>\n<meta name=\"twitter:creator\" content=\"@InterPadelMedia\" \/>\n<meta name=\"twitter:site\" content=\"@InterPadelMedia\" \/>\n<meta name=\"twitter:label1\" content=\"Written by\" \/>\n\t<meta name=\"twitter:data1\" content=\"IPMA\" \/>\n\t<meta name=\"twitter:label2\" content=\"Est. reading time\" \/>\n\t<meta name=\"twitter:data2\" content=\"1 minute\" \/>\n<script type=\"application\/ld+json\" class=\"yoast-schema-graph\">{\"@context\":\"https:\/\/schema.org\",\"@graph\":[{\"@type\":\"Article\",\"@id\":\"https:\/\/www.interpadelmedia.com\/en\/la-asociacion-internacional-de-medios-de-padel-amplia-la-difusion-de-la-segunda-edicion-del-padel-world-summit\/#article\",\"isPartOf\":{\"@id\":\"https:\/\/www.interpadelmedia.com\/en\/la-asociacion-internacional-de-medios-de-padel-amplia-la-difusion-de-la-segunda-edicion-del-padel-world-summit\/\"},\"author\":{\"name\":\"IPMA\",\"@id\":\"https:\/\/www.interpadelmedia.com\/en\/#\/schema\/person\/d3f689f77785de0e7417860bf0ae51f1\"},\"headline\":\"La Asociaci\u00f3n Internacional de Medios de P\u00e1del ampl\u00eda la difusi\u00f3n de la segunda edici\u00f3n del Padel World Summit\",\"datePublished\":\"2025-06-02T13:17:58+00:00\",\"mainEntityOfPage\":{\"@id\":\"https:\/\/www.interpadelmedia.com\/en\/la-asociacion-internacional-de-medios-de-padel-amplia-la-difusion-de-la-segunda-edicion-del-padel-world-summit\/\"},\"wordCount\":180,\"publisher\":{\"@id\":\"https:\/\/www.interpadelmedia.com\/en\/#organization\"},\"image\":{\"@id\":\"https:\/\/www.interpadelmedia.com\/en\/la-asociacion-internacional-de-medios-de-padel-amplia-la-difusion-de-la-segunda-edicion-del-padel-world-summit\/#primaryimage\"},\"thumbnailUrl\":\"https:\/\/www.interpadelmedia.com\/wp-content\/uploads\/2025\/05\/MG_2751.jpg\",\"articleSection\":[\"News\"],\"inLanguage\":\"en-US\"},{\"@type\":\"WebPage\",\"@id\":\"https:\/\/www.interpadelmedia.com\/en\/la-asociacion-internacional-de-medios-de-padel-amplia-la-difusion-de-la-segunda-edicion-del-padel-world-summit\/\",\"url\":\"https:\/\/www.interpadelmedia.com\/en\/la-asociacion-internacional-de-medios-de-padel-amplia-la-difusion-de-la-segunda-edicion-del-padel-world-summit\/\",\"name\":\"La Asociaci\u00f3n Internacional de Medios de P\u00e1del ampl\u00eda la difusi\u00f3n de la segunda edici\u00f3n del Padel World Summit - International Padel Media Association (IPMA)\",\"isPartOf\":{\"@id\":\"https:\/\/www.interpadelmedia.com\/en\/#website\"},\"primaryImageOfPage\":{\"@id\":\"https:\/\/www.interpadelmedia.com\/en\/la-asociacion-internacional-de-medios-de-padel-amplia-la-difusion-de-la-segunda-edicion-del-padel-world-summit\/#primaryimage\"},\"image\":{\"@id\":\"https:\/\/www.interpadelmedia.com\/en\/la-asociacion-internacional-de-medios-de-padel-amplia-la-difusion-de-la-segunda-edicion-del-padel-world-summit\/#primaryimage\"},\"thumbnailUrl\":\"https:\/\/www.interpadelmedia.com\/wp-content\/uploads\/2025\/05\/MG_2751.jpg\",\"datePublished\":\"2025-06-02T13:17:58+00:00\",\"breadcrumb\":{\"@id\":\"https:\/\/www.interpadelmedia.com\/en\/la-asociacion-internacional-de-medios-de-padel-amplia-la-difusion-de-la-segunda-edicion-del-padel-world-summit\/#breadcrumb\"},\"inLanguage\":\"en-US\",\"potentialAction\":[{\"@type\":\"ReadAction\",\"target\":[\"https:\/\/www.interpadelmedia.com\/en\/la-asociacion-internacional-de-medios-de-padel-amplia-la-difusion-de-la-segunda-edicion-del-padel-world-summit\/\"]}]},{\"@type\":\"ImageObject\",\"inLanguage\":\"en-US\",\"@id\":\"https:\/\/www.interpadelmedia.com\/en\/la-asociacion-internacional-de-medios-de-padel-amplia-la-difusion-de-la-segunda-edicion-del-padel-world-summit\/#primaryimage\",\"url\":\"https:\/\/www.interpadelmedia.com\/wp-content\/uploads\/2025\/05\/MG_2751.jpg\",\"contentUrl\":\"https:\/\/www.interpadelmedia.com\/wp-content\/uploads\/2025\/05\/MG_2751.jpg\",\"width\":1500,\"height\":1000},{\"@type\":\"BreadcrumbList\",\"@id\":\"https:\/\/www.interpadelmedia.com\/en\/la-asociacion-internacional-de-medios-de-padel-amplia-la-difusion-de-la-segunda-edicion-del-padel-world-summit\/#breadcrumb\",\"itemListElement\":[{\"@type\":\"ListItem\",\"position\":1,\"name\":\"Portada\",\"item\":\"https:\/\/www.interpadelmedia.com\/en\/\"},{\"@type\":\"ListItem\",\"position\":2,\"name\":\"La Asociaci\u00f3n Internacional de Medios de P\u00e1del ampl\u00eda la difusi\u00f3n de la segunda edici\u00f3n del Padel World Summit\"}]},{\"@type\":\"WebSite\",\"@id\":\"https:\/\/www.interpadelmedia.com\/en\/#website\",\"url\":\"https:\/\/www.interpadelmedia.com\/en\/\",\"name\":\"Asociaci\u00f3n Internacional de Medios de P\u00e1del\",\"description\":\"El p\u00e1del une\",\"publisher\":{\"@id\":\"https:\/\/www.interpadelmedia.com\/en\/#organization\"},\"alternateName\":\"International Padel Media Association\",\"potentialAction\":[{\"@type\":\"SearchAction\",\"target\":{\"@type\":\"EntryPoint\",\"urlTemplate\":\"https:\/\/www.interpadelmedia.com\/en\/?s={search_term_string}\"},\"query-input\":{\"@type\":\"PropertyValueSpecification\",\"valueRequired\":true,\"valueName\":\"search_term_string\"}}],\"inLanguage\":\"en-US\"},{\"@type\":\"Organization\",\"@id\":\"https:\/\/www.interpadelmedia.com\/en\/#organization\",\"name\":\"Asociaci\u00f3n Internacional de Medios de P\u00e1del\",\"alternateName\":\"International Padel Media Association\",\"url\":\"https:\/\/www.interpadelmedia.com\/en\/\",\"logo\":{\"@type\":\"ImageObject\",\"inLanguage\":\"en-US\",\"@id\":\"https:\/\/www.interpadelmedia.com\/en\/#\/schema\/logo\/image\/\",\"url\":\"https:\/\/www.interpadelmedia.com\/wp-content\/uploads\/2025\/06\/Logo_verde_1_1.png\",\"contentUrl\":\"https:\/\/www.interpadelmedia.com\/wp-content\/uploads\/2025\/06\/Logo_verde_1_1.png\",\"width\":250,\"height\":250,\"caption\":\"Asociaci\u00f3n Internacional de Medios de P\u00e1del\"},\"image\":{\"@id\":\"https:\/\/www.interpadelmedia.com\/en\/#\/schema\/logo\/image\/\"},\"sameAs\":[\"https:\/\/www.facebook.com\/profile.php?id=61564675752871\",\"https:\/\/x.com\/InterPadelMedia\",\"https:\/\/www.instagram.com\/interpadelmedia\/\",\"https:\/\/www.linkedin.com\/company\/asociacion-internacional-de-medios-de-padel\/posts\/?feedView=all\"]},{\"@type\":\"Person\",\"@id\":\"https:\/\/www.interpadelmedia.com\/en\/#\/schema\/person\/d3f689f77785de0e7417860bf0ae51f1\",\"name\":\"IPMA\",\"image\":{\"@type\":\"ImageObject\",\"inLanguage\":\"en-US\",\"@id\":\"https:\/\/www.interpadelmedia.com\/en\/#\/schema\/person\/image\/\",\"url\":\"https:\/\/secure.gravatar.com\/avatar\/94b1346d3af9583df301527ae35ff0139bded536474c024abdefdc3eabd27b6e?s=96&d=mm&r=g\",\"contentUrl\":\"https:\/\/secure.gravatar.com\/avatar\/94b1346d3af9583df301527ae35ff0139bded536474c024abdefdc3eabd27b6e?s=96&d=mm&r=g\",\"caption\":\"IPMA\"},\"sameAs\":[\"https:\/\/www.interpadelmedia.com\"]}]}<\/script>\n<!-- \/ Yoast SEO plugin. -->","yoast_head_json":{"title":"La Asociaci\u00f3n Internacional de Medios de P\u00e1del ampl\u00eda la difusi\u00f3n de la segunda edici\u00f3n del Padel World Summit - International Padel Media Association (IPMA)","robots":{"index":"index","follow":"follow","max-snippet":"max-snippet:-1","max-image-preview":"max-image-preview:large","max-video-preview":"max-video-preview:-1"},"canonical":"https:\/\/www.interpadelmedia.com\/en\/la-asociacion-internacional-de-medios-de-padel-amplia-la-difusion-de-la-segunda-edicion-del-padel-world-summit\/","og_locale":"en_US","og_type":"article","og_title":"La Asociaci\u00f3n Internacional de Medios de P\u00e1del ampl\u00eda la difusi\u00f3n de la segunda edici\u00f3n del Padel World Summit - International Padel Media Association (IPMA)","og_description":"La Asociaci\u00f3n Internacional de Medios de P\u00e1del promueve la segunda edici\u00f3n del Padel World Summit, ampliando su difusi\u00f3n y alcance en el \u00e1mbito del p\u00e1del.","og_url":"https:\/\/www.interpadelmedia.com\/en\/la-asociacion-internacional-de-medios-de-padel-amplia-la-difusion-de-la-segunda-edicion-del-padel-world-summit\/","og_site_name":"International Padel Media Association (IPMA)","article_publisher":"https:\/\/www.facebook.com\/profile.php?id=61564675752871","article_published_time":"2025-06-02T13:17:58+00:00","og_image":[{"width":1200,"height":630,"url":"https:\/\/www.interpadelmedia.com\/wp-content\/uploads\/2025\/06\/Open_Graph_verde.png","type":"image\/png"}],"author":"IPMA","twitter_card":"summary_large_image","twitter_creator":"@InterPadelMedia","twitter_site":"@InterPadelMedia","twitter_misc":{"Written by":"IPMA","Est. reading time":"1 minute"},"schema":{"@context":"https:\/\/schema.org","@graph":[{"@type":"Article","@id":"https:\/\/www.interpadelmedia.com\/en\/la-asociacion-internacional-de-medios-de-padel-amplia-la-difusion-de-la-segunda-edicion-del-padel-world-summit\/#article","isPartOf":{"@id":"https:\/\/www.interpadelmedia.com\/en\/la-asociacion-internacional-de-medios-de-padel-amplia-la-difusion-de-la-segunda-edicion-del-padel-world-summit\/"},"author":{"name":"IPMA","@id":"https:\/\/www.interpadelmedia.com\/en\/#\/schema\/person\/d3f689f77785de0e7417860bf0ae51f1"},"headline":"La Asociaci\u00f3n Internacional de Medios de P\u00e1del ampl\u00eda la difusi\u00f3n de la segunda edici\u00f3n del Padel World Summit","datePublished":"2025-06-02T13:17:58+00:00","mainEntityOfPage":{"@id":"https:\/\/www.interpadelmedia.com\/en\/la-asociacion-internacional-de-medios-de-padel-amplia-la-difusion-de-la-segunda-edicion-del-padel-world-summit\/"},"wordCount":180,"publisher":{"@id":"https:\/\/www.interpadelmedia.com\/en\/#organization"},"image":{"@id":"https:\/\/www.interpadelmedia.com\/en\/la-asociacion-internacional-de-medios-de-padel-amplia-la-difusion-de-la-segunda-edicion-del-padel-world-summit\/#primaryimage"},"thumbnailUrl":"https:\/\/www.interpadelmedia.com\/wp-content\/uploads\/2025\/05\/MG_2751.jpg","articleSection":["News"],"inLanguage":"en-US"},{"@type":"WebPage","@id":"https:\/\/www.interpadelmedia.com\/en\/la-asociacion-internacional-de-medios-de-padel-amplia-la-difusion-de-la-segunda-edicion-del-padel-world-summit\/","url":"https:\/\/www.interpadelmedia.com\/en\/la-asociacion-internacional-de-medios-de-padel-amplia-la-difusion-de-la-segunda-edicion-del-padel-world-summit\/","name":"La Asociaci\u00f3n Internacional de Medios de P\u00e1del ampl\u00eda la difusi\u00f3n de la segunda edici\u00f3n del Padel World Summit - International Padel Media Association (IPMA)","isPartOf":{"@id":"https:\/\/www.interpadelmedia.com\/en\/#website"},"primaryImageOfPage":{"@id":"https:\/\/www.interpadelmedia.com\/en\/la-asociacion-internacional-de-medios-de-padel-amplia-la-difusion-de-la-segunda-edicion-del-padel-world-summit\/#primaryimage"},"image":{"@id":"https:\/\/www.interpadelmedia.com\/en\/la-asociacion-internacional-de-medios-de-padel-amplia-la-difusion-de-la-segunda-edicion-del-padel-world-summit\/#primaryimage"},"thumbnailUrl":"https:\/\/www.interpadelmedia.com\/wp-content\/uploads\/2025\/05\/MG_2751.jpg","datePublished":"2025-06-02T13:17:58+00:00","breadcrumb":{"@id":"https:\/\/www.interpadelmedia.com\/en\/la-asociacion-internacional-de-medios-de-padel-amplia-la-difusion-de-la-segunda-edicion-del-padel-world-summit\/#breadcrumb"},"inLanguage":"en-US","potentialAction":[{"@type":"ReadAction","target":["https:\/\/www.interpadelmedia.com\/en\/la-asociacion-internacional-de-medios-de-padel-amplia-la-difusion-de-la-segunda-edicion-del-padel-world-summit\/"]}]},{"@type":"ImageObject","inLanguage":"en-US","@id":"https:\/\/www.interpadelmedia.com\/en\/la-asociacion-internacional-de-medios-de-padel-amplia-la-difusion-de-la-segunda-edicion-del-padel-world-summit\/#primaryimage","url":"https:\/\/www.interpadelmedia.com\/wp-content\/uploads\/2025\/05\/MG_2751.jpg","contentUrl":"https:\/\/www.interpadelmedia.com\/wp-content\/uploads\/2025\/05\/MG_2751.jpg","width":1500,"height":1000},{"@type":"BreadcrumbList","@id":"https:\/\/www.interpadelmedia.com\/en\/la-asociacion-internacional-de-medios-de-padel-amplia-la-difusion-de-la-segunda-edicion-del-padel-world-summit\/#breadcrumb","itemListElement":[{"@type":"ListItem","position":1,"name":"Portada","item":"https:\/\/www.interpadelmedia.com\/en\/"},{"@type":"ListItem","position":2,"name":"La Asociaci\u00f3n Internacional de Medios de P\u00e1del ampl\u00eda la difusi\u00f3n de la segunda edici\u00f3n del Padel World Summit"}]},{"@type":"WebSite","@id":"https:\/\/www.interpadelmedia.com\/en\/#website","url":"https:\/\/www.interpadelmedia.com\/en\/","name":"Asociaci\u00f3n Internacional de Medios de P\u00e1del","description":"El p\u00e1del une","publisher":{"@id":"https:\/\/www.interpadelmedia.com\/en\/#organization"},"alternateName":"International Padel Media Association","potentialAction":[{"@type":"SearchAction","target":{"@type":"EntryPoint","urlTemplate":"https:\/\/www.interpadelmedia.com\/en\/?s={search_term_string}"},"query-input":{"@type":"PropertyValueSpecification","valueRequired":true,"valueName":"search_term_string"}}],"inLanguage":"en-US"},{"@type":"Organization","@id":"https:\/\/www.interpadelmedia.com\/en\/#organization","name":"Asociaci\u00f3n Internacional de Medios de P\u00e1del","alternateName":"International Padel Media Association","url":"https:\/\/www.interpadelmedia.com\/en\/","logo":{"@type":"ImageObject","inLanguage":"en-US","@id":"https:\/\/www.interpadelmedia.com\/en\/#\/schema\/logo\/image\/","url":"https:\/\/www.interpadelmedia.com\/wp-content\/uploads\/2025\/06\/Logo_verde_1_1.png","contentUrl":"https:\/\/www.interpadelmedia.com\/wp-content\/uploads\/2025\/06\/Logo_verde_1_1.png","width":250,"height":250,"caption":"Asociaci\u00f3n Internacional de Medios de P\u00e1del"},"image":{"@id":"https:\/\/www.interpadelmedia.com\/en\/#\/schema\/logo\/image\/"},"sameAs":["https:\/\/www.facebook.com\/profile.php?id=61564675752871","https:\/\/x.com\/InterPadelMedia","https:\/\/www.instagram.com\/interpadelmedia\/","https:\/\/www.linkedin.com\/company\/asociacion-internacional-de-medios-de-padel\/posts\/?feedView=all"]},{"@type":"Person","@id":"https:\/\/www.interpadelmedia.com\/en\/#\/schema\/person\/d3f689f77785de0e7417860bf0ae51f1","name":"IPMA","image":{"@type":"ImageObject","inLanguage":"en-US","@id":"https:\/\/www.interpadelmedia.com\/en\/#\/schema\/person\/image\/","url":"https:\/\/secure.gravatar.com\/avatar\/94b1346d3af9583df301527ae35ff0139bded536474c024abdefdc3eabd27b6e?s=96&d=mm&r=g","contentUrl":"https:\/\/secure.gravatar.com\/avatar\/94b1346d3af9583df301527ae35ff0139bded536474c024abdefdc3eabd27b6e?s=96&d=mm&r=g","caption":"IPMA"},"sameAs":["https:\/\/www.interpadelmedia.com"]}]}},"_links":{"self":[{"href":"https:\/\/www.interpadelmedia.com\/en\/wp-json\/wp\/v2\/posts\/2378","targetHints":{"allow":["GET"]}}],"collection":[{"href":"https:\/\/www.interpadelmedia.com\/en\/wp-json\/wp\/v2\/posts"}],"about":[{"href":"https:\/\/www.interpadelmedia.com\/en\/wp-json\/wp\/v2\/types\/post"}],"author":[{"embeddable":true,"href":"https:\/\/www.interpadelmedia.com\/en\/wp-json\/wp\/v2\/users\/1"}],"replies":[{"embeddable":true,"href":"https:\/\/www.interpadelmedia.com\/en\/wp-json\/wp\/v2\/comments?post=2378"}],"version-history":[{"count":0,"href":"https:\/\/www.interpadelmedia.com\/en\/wp-json\/wp\/v2\/posts\/2378\/revisions"}],"wp:featuredmedia":[{"embeddable":true,"href":"https:\/\/www.interpadelmedia.com\/en\/wp-json\/wp\/v2\/media\/2379"}],"wp:attachment":[{"href":"https:\/\/www.interpadelmedia.com\/en\/wp-json\/wp\/v2\/media?parent=2378"}],"wp:term":[{"taxonomy":"category","embeddable":true,"href":"https:\/\/www.interpadelmedia.com\/en\/wp-json\/wp\/v2\/categories?post=2378"},{"taxonomy":"post_tag","embeddable":true,"href":"https:\/\/www.interpadelmedia.com\/en\/wp-json\/wp\/v2\/tags?post=2378"}],"curies":[{"name":"wp","href":"https:\/\/api.w.org\/{rel}","templated":true}]}}