{"id":2295,"date":"2025-07-29T11:20:47","date_gmt":"2025-07-29T09:20:47","guid":{"rendered":"https:\/\/www.interpadelmedia.com\/la-ipma-suma-a-the-padel-travel-x-como-nuevo-colaborador-para-impulsar-la-cobertura-de-torneos\/"},"modified":"2025-12-04T01:52:08","modified_gmt":"2025-12-04T00:52:08","slug":"la-ipma-suma-a-the-padel-travel-x-como-nuevo-colaborador-para-impulsar-la-cobertura-de-torneos","status":"publish","type":"post","link":"https:\/\/www.interpadelmedia.com\/en\/la-ipma-suma-a-the-padel-travel-x-como-nuevo-colaborador-para-impulsar-la-cobertura-de-torneos\/","title":{"rendered":"The IPMA adds The Padel Travel X as a new collaborator to promote tournament coverage"},"content":{"rendered":"\n<p>La <strong>Asociaci\u00f3n Internacional de Prensa del P\u00e1del (IPMA)<\/strong> contin\u00faa su crecimiento y, en esta ocasi\u00f3n, damos la bienvenida a la agencia de viajes brit\u00e1nica <strong>The Padel Travel X<\/strong> como nuevo colaborador.<\/p>\n\n\n\n<p><strong>The Padel Travel X<\/strong> es una empresa especializada en la organizaci\u00f3n de viajes que van m\u00e1s all\u00e1 del p\u00e1del, creando experiencias deportivas y de ocio \u00fanicas.<\/p>\n\n\n\n<p>Gracias a este acuerdo, los <strong>medios asociados a la IPMA<\/strong> contar\u00e1n con el respaldo y la organizaci\u00f3n de <strong>The Padel Travel X<\/strong> para facilitar sus desplazamientos a torneos y poder informar desde primera l\u00ednea.<\/p>\n\n\n\n<p><strong>Patricia Frost<\/strong>, responsable de <strong>The Padel Travel X<\/strong>, destac\u00f3:<\/p>\n\n\n\n<blockquote class=\"wp-block-quote is-layout-flow wp-block-quote-is-layout-flow\">\n<p>\u201cPara nosotros es un honor ir de la mano de la IPMA, ya que nos permitir\u00e1 colaborar con una parte fundamental de la industria del p\u00e1del y contribuir a dar mayor visibilidad a este deporte que tanto nos apasiona. Sin duda, apoyar a los medios especializados nos ayudar\u00e1 a abrir nuevos mercados y a impulsar el crecimiento del p\u00e1del en todo el mundo.\u201d<\/p>\n<\/blockquote>\n\n\n\n<p>Por parte de la <strong>IPMA<\/strong>, su presidente, <strong>Iv\u00e1n Hern\u00e1ndez<\/strong>, afirm\u00f3:<\/p>\n\n\n\n<blockquote class=\"wp-block-quote is-layout-flow wp-block-quote-is-layout-flow\">\n<p>\u201cEste acuerdo supone un gran paso para la asociaci\u00f3n. Aunque llevamos poco tiempo, el trabajo constante nos est\u00e1 permitiendo alcanzar colaboraciones importantes para nuestros asociados. La uni\u00f3n con <strong>The Padel Travel X<\/strong> es un impulso para ambas partes y trabajaremos juntos para que todos salgamos fortalecidos. Muchas gracias por la confianza.\u201d<\/p>\n<\/blockquote>\n\n\n\n<p>Este no ser\u00e1 el \u00faltimo acuerdo de la <strong>IPMA<\/strong>: seguimos trabajando con otros actores relevantes del sector y muy pronto habr\u00e1 m\u00e1s novedades. #elpadelune<\/p>\n\n\n\n<p><\/p>\n\n\n\n<p>The<strong> International Padel Media Association (IPMA)<\/strong> continues to grow and, on this occasion, we are pleased to welcome the British travel agency <em><strong>The Padel Travel X<\/strong><\/em> as a new partner.<\/p>\n\n\n\n<p><em><strong>The Padel Travel X<\/strong><\/em> is a company specialized in organizing travel experiences that go beyond padel, creating unique sports and leisure experiences.<\/p>\n\n\n\n<p>Thanks to this agreement, the <strong>media outlets associated with IPMA<\/strong> will have the support and organization of <em><strong>The Padel Travel X<\/strong><\/em> to facilitate their travel to tournaments and enable on-site coverage.<\/p>\n\n\n\n<p><strong>Patricia Frost<\/strong>, head of <em><strong>The Padel Travel X<\/strong><\/em>, stated:<\/p>\n\n\n\n<blockquote class=\"wp-block-quote is-layout-flow wp-block-quote-is-layout-flow\">\n<p>\u201cIt is an honor for us to partner with IPMA, as it will allow us to collaborate with a key part of the padel industry and help give greater visibility to this sport we are so passionate about. Without a doubt, supporting specialized media will help us open new markets and boost the growth of padel worldwide.\u201d<\/p>\n<\/blockquote>\n\n\n\n<p>On behalf of <strong>IPMA,<\/strong> its president,<strong> Iv\u00e1n Hern\u00e1ndez<\/strong>, said:<\/p>\n\n\n\n<blockquote class=\"wp-block-quote is-layout-flow wp-block-quote-is-layout-flow\">\n<p>\u201cThis agreement marks a major step forward for the association. Although we are still a young organization, our consistent work is enabling us to establish important collaborations for our members. Partnering with <em><strong>The Padel Travel X<\/strong><\/em> is a boost for both sides, and we will work together to ensure mutual growth. Thank you very much for your trust.\u201d<\/p>\n<\/blockquote>\n\n\n\n<p>And this won\u2019t be the last agreement from <strong>IPMA<\/strong>\u2014we are continuing to work with other key players in the industry, and more exciting news will be coming soon.<br>#elpadelune<\/p>\n","protected":false},"excerpt":{"rendered":"<p>La IPMA se expande al colaborar con The Padel Travel X, mejorando el apoyo a medios y promoviendo el crecimiento del p\u00e1del a nivel global.<\/p>\n","protected":false},"author":1,"featured_media":2293,"comment_status":"closed","ping_status":"open","sticky":false,"template":"","format":"standard","meta":{"footnotes":""},"categories":[36,1],"tags":[],"class_list":["post-2295","post","type-post","status-publish","format-standard","has-post-thumbnail","hentry","category-agreements","category-news"],"yoast_head":"<!-- This site is optimized with the Yoast SEO plugin v26.5 - https:\/\/yoast.com\/wordpress\/plugins\/seo\/ -->\n<title>IPMA suma a The Padel Travel X como nuevo colaborador<\/title>\n<meta name=\"description\" content=\"La IPMA firma un acuerdo con The Padel Travel X para facilitar los viajes de medios y potenciar la cobertura internacional de torneos.\" \/>\n<meta name=\"robots\" content=\"index, follow, max-snippet:-1, max-image-preview:large, max-video-preview:-1\" \/>\n<link rel=\"canonical\" href=\"https:\/\/www.interpadelmedia.com\/en\/la-ipma-suma-a-the-padel-travel-x-como-nuevo-colaborador-para-impulsar-la-cobertura-de-torneos\/\" \/>\n<meta property=\"og:locale\" content=\"en_US\" \/>\n<meta property=\"og:type\" content=\"article\" \/>\n<meta property=\"og:title\" content=\"IPMA suma a The Padel Travel X como nuevo colaborador\" \/>\n<meta property=\"og:description\" content=\"La IPMA firma un acuerdo con The Padel Travel X para facilitar los viajes de medios y potenciar la cobertura internacional de torneos.\" \/>\n<meta property=\"og:url\" content=\"https:\/\/www.interpadelmedia.com\/en\/la-ipma-suma-a-the-padel-travel-x-como-nuevo-colaborador-para-impulsar-la-cobertura-de-torneos\/\" \/>\n<meta property=\"og:site_name\" content=\"International Padel Media Association (IPMA)\" \/>\n<meta property=\"article:publisher\" content=\"https:\/\/www.facebook.com\/profile.php?id=61564675752871\" \/>\n<meta property=\"article:published_time\" content=\"2025-07-29T09:20:47+00:00\" \/>\n<meta property=\"article:modified_time\" content=\"2025-12-04T00:52:08+00:00\" \/>\n<meta property=\"og:image\" content=\"https:\/\/www.interpadelmedia.com\/wp-content\/uploads\/2025\/07\/The-Padel-Travel-X_red.jpg\" \/>\n\t<meta property=\"og:image:width\" content=\"1500\" \/>\n\t<meta property=\"og:image:height\" content=\"843\" \/>\n\t<meta property=\"og:image:type\" content=\"image\/jpeg\" \/>\n<meta name=\"author\" content=\"IPMA\" \/>\n<meta name=\"twitter:card\" content=\"summary_large_image\" \/>\n<meta name=\"twitter:title\" content=\"IPMA suma a The Padel Travel X como nuevo colaborador\" \/>\n<meta name=\"twitter:description\" content=\"La IPMA firma un acuerdo con The Padel Travel X para facilitar los viajes de medios y potenciar la cobertura internacional de torneos.\" \/>\n<meta name=\"twitter:image\" content=\"https:\/\/www.interpadelmedia.com\/wp-content\/uploads\/2025\/07\/The-Padel-Travel-X_red.jpg\" \/>\n<meta name=\"twitter:creator\" content=\"@InterPadelMedia\" \/>\n<meta name=\"twitter:site\" content=\"@InterPadelMedia\" \/>\n<meta name=\"twitter:label1\" content=\"Written by\" \/>\n\t<meta name=\"twitter:data1\" content=\"IPMA\" \/>\n\t<meta name=\"twitter:label2\" content=\"Est. reading time\" \/>\n\t<meta name=\"twitter:data2\" content=\"2 minutes\" \/>\n<script type=\"application\/ld+json\" class=\"yoast-schema-graph\">{\"@context\":\"https:\/\/schema.org\",\"@graph\":[{\"@type\":\"Article\",\"@id\":\"https:\/\/www.interpadelmedia.com\/en\/la-ipma-suma-a-the-padel-travel-x-como-nuevo-colaborador-para-impulsar-la-cobertura-de-torneos\/#article\",\"isPartOf\":{\"@id\":\"https:\/\/www.interpadelmedia.com\/en\/la-ipma-suma-a-the-padel-travel-x-como-nuevo-colaborador-para-impulsar-la-cobertura-de-torneos\/\"},\"author\":{\"name\":\"IPMA\",\"@id\":\"https:\/\/www.interpadelmedia.com\/en\/#\/schema\/person\/d3f689f77785de0e7417860bf0ae51f1\"},\"headline\":\"The IPMA adds The Padel Travel X as a new collaborator to promote tournament coverage\",\"datePublished\":\"2025-07-29T09:20:47+00:00\",\"dateModified\":\"2025-12-04T00:52:08+00:00\",\"mainEntityOfPage\":{\"@id\":\"https:\/\/www.interpadelmedia.com\/en\/la-ipma-suma-a-the-padel-travel-x-como-nuevo-colaborador-para-impulsar-la-cobertura-de-torneos\/\"},\"wordCount\":530,\"publisher\":{\"@id\":\"https:\/\/www.interpadelmedia.com\/en\/#organization\"},\"image\":{\"@id\":\"https:\/\/www.interpadelmedia.com\/en\/la-ipma-suma-a-the-padel-travel-x-como-nuevo-colaborador-para-impulsar-la-cobertura-de-torneos\/#primaryimage\"},\"thumbnailUrl\":\"https:\/\/www.interpadelmedia.com\/wp-content\/uploads\/2025\/07\/The-Padel-Travel-X_red.jpg\",\"articleSection\":[\"Agreements\",\"News\"],\"inLanguage\":\"en-US\"},{\"@type\":\"WebPage\",\"@id\":\"https:\/\/www.interpadelmedia.com\/en\/la-ipma-suma-a-the-padel-travel-x-como-nuevo-colaborador-para-impulsar-la-cobertura-de-torneos\/\",\"url\":\"https:\/\/www.interpadelmedia.com\/en\/la-ipma-suma-a-the-padel-travel-x-como-nuevo-colaborador-para-impulsar-la-cobertura-de-torneos\/\",\"name\":\"IPMA suma a The Padel Travel X como nuevo colaborador\",\"isPartOf\":{\"@id\":\"https:\/\/www.interpadelmedia.com\/en\/#website\"},\"primaryImageOfPage\":{\"@id\":\"https:\/\/www.interpadelmedia.com\/en\/la-ipma-suma-a-the-padel-travel-x-como-nuevo-colaborador-para-impulsar-la-cobertura-de-torneos\/#primaryimage\"},\"image\":{\"@id\":\"https:\/\/www.interpadelmedia.com\/en\/la-ipma-suma-a-the-padel-travel-x-como-nuevo-colaborador-para-impulsar-la-cobertura-de-torneos\/#primaryimage\"},\"thumbnailUrl\":\"https:\/\/www.interpadelmedia.com\/wp-content\/uploads\/2025\/07\/The-Padel-Travel-X_red.jpg\",\"datePublished\":\"2025-07-29T09:20:47+00:00\",\"dateModified\":\"2025-12-04T00:52:08+00:00\",\"description\":\"La IPMA firma un acuerdo con The Padel Travel X para facilitar los viajes de medios y potenciar la cobertura internacional de torneos.\",\"breadcrumb\":{\"@id\":\"https:\/\/www.interpadelmedia.com\/en\/la-ipma-suma-a-the-padel-travel-x-como-nuevo-colaborador-para-impulsar-la-cobertura-de-torneos\/#breadcrumb\"},\"inLanguage\":\"en-US\",\"potentialAction\":[{\"@type\":\"ReadAction\",\"target\":[\"https:\/\/www.interpadelmedia.com\/en\/la-ipma-suma-a-the-padel-travel-x-como-nuevo-colaborador-para-impulsar-la-cobertura-de-torneos\/\"]}]},{\"@type\":\"ImageObject\",\"inLanguage\":\"en-US\",\"@id\":\"https:\/\/www.interpadelmedia.com\/en\/la-ipma-suma-a-the-padel-travel-x-como-nuevo-colaborador-para-impulsar-la-cobertura-de-torneos\/#primaryimage\",\"url\":\"https:\/\/www.interpadelmedia.com\/wp-content\/uploads\/2025\/07\/The-Padel-Travel-X_red.jpg\",\"contentUrl\":\"https:\/\/www.interpadelmedia.com\/wp-content\/uploads\/2025\/07\/The-Padel-Travel-X_red.jpg\",\"width\":1500,\"height\":843},{\"@type\":\"BreadcrumbList\",\"@id\":\"https:\/\/www.interpadelmedia.com\/en\/la-ipma-suma-a-the-padel-travel-x-como-nuevo-colaborador-para-impulsar-la-cobertura-de-torneos\/#breadcrumb\",\"itemListElement\":[{\"@type\":\"ListItem\",\"position\":1,\"name\":\"Portada\",\"item\":\"https:\/\/www.interpadelmedia.com\/en\/\"},{\"@type\":\"ListItem\",\"position\":2,\"name\":\"The IPMA adds The Padel Travel X as a new collaborator to promote tournament coverage\"}]},{\"@type\":\"WebSite\",\"@id\":\"https:\/\/www.interpadelmedia.com\/en\/#website\",\"url\":\"https:\/\/www.interpadelmedia.com\/en\/\",\"name\":\"Asociaci\u00f3n Internacional de Medios de P\u00e1del\",\"description\":\"El p\u00e1del une\",\"publisher\":{\"@id\":\"https:\/\/www.interpadelmedia.com\/en\/#organization\"},\"alternateName\":\"International Padel Media Association\",\"potentialAction\":[{\"@type\":\"SearchAction\",\"target\":{\"@type\":\"EntryPoint\",\"urlTemplate\":\"https:\/\/www.interpadelmedia.com\/en\/?s={search_term_string}\"},\"query-input\":{\"@type\":\"PropertyValueSpecification\",\"valueRequired\":true,\"valueName\":\"search_term_string\"}}],\"inLanguage\":\"en-US\"},{\"@type\":\"Organization\",\"@id\":\"https:\/\/www.interpadelmedia.com\/en\/#organization\",\"name\":\"Asociaci\u00f3n Internacional de Medios de P\u00e1del\",\"alternateName\":\"International Padel Media Association\",\"url\":\"https:\/\/www.interpadelmedia.com\/en\/\",\"logo\":{\"@type\":\"ImageObject\",\"inLanguage\":\"en-US\",\"@id\":\"https:\/\/www.interpadelmedia.com\/en\/#\/schema\/logo\/image\/\",\"url\":\"https:\/\/www.interpadelmedia.com\/wp-content\/uploads\/2025\/06\/Logo_verde_1_1.png\",\"contentUrl\":\"https:\/\/www.interpadelmedia.com\/wp-content\/uploads\/2025\/06\/Logo_verde_1_1.png\",\"width\":250,\"height\":250,\"caption\":\"Asociaci\u00f3n Internacional de Medios de P\u00e1del\"},\"image\":{\"@id\":\"https:\/\/www.interpadelmedia.com\/en\/#\/schema\/logo\/image\/\"},\"sameAs\":[\"https:\/\/www.facebook.com\/profile.php?id=61564675752871\",\"https:\/\/x.com\/InterPadelMedia\",\"https:\/\/www.instagram.com\/interpadelmedia\/\",\"https:\/\/www.linkedin.com\/company\/asociacion-internacional-de-medios-de-padel\/posts\/?feedView=all\"]},{\"@type\":\"Person\",\"@id\":\"https:\/\/www.interpadelmedia.com\/en\/#\/schema\/person\/d3f689f77785de0e7417860bf0ae51f1\",\"name\":\"IPMA\",\"image\":{\"@type\":\"ImageObject\",\"inLanguage\":\"en-US\",\"@id\":\"https:\/\/www.interpadelmedia.com\/en\/#\/schema\/person\/image\/\",\"url\":\"https:\/\/secure.gravatar.com\/avatar\/94b1346d3af9583df301527ae35ff0139bded536474c024abdefdc3eabd27b6e?s=96&d=mm&r=g\",\"contentUrl\":\"https:\/\/secure.gravatar.com\/avatar\/94b1346d3af9583df301527ae35ff0139bded536474c024abdefdc3eabd27b6e?s=96&d=mm&r=g\",\"caption\":\"IPMA\"},\"sameAs\":[\"https:\/\/www.interpadelmedia.com\"]}]}<\/script>\n<!-- \/ Yoast SEO plugin. -->","yoast_head_json":{"title":"IPMA suma a The Padel Travel X como nuevo colaborador","description":"La IPMA firma un acuerdo con The Padel Travel X para facilitar los viajes de medios y potenciar la cobertura internacional de torneos.","robots":{"index":"index","follow":"follow","max-snippet":"max-snippet:-1","max-image-preview":"max-image-preview:large","max-video-preview":"max-video-preview:-1"},"canonical":"https:\/\/www.interpadelmedia.com\/en\/la-ipma-suma-a-the-padel-travel-x-como-nuevo-colaborador-para-impulsar-la-cobertura-de-torneos\/","og_locale":"en_US","og_type":"article","og_title":"IPMA suma a The Padel Travel X como nuevo colaborador","og_description":"La IPMA firma un acuerdo con The Padel Travel X para facilitar los viajes de medios y potenciar la cobertura internacional de torneos.","og_url":"https:\/\/www.interpadelmedia.com\/en\/la-ipma-suma-a-the-padel-travel-x-como-nuevo-colaborador-para-impulsar-la-cobertura-de-torneos\/","og_site_name":"International Padel Media Association (IPMA)","article_publisher":"https:\/\/www.facebook.com\/profile.php?id=61564675752871","article_published_time":"2025-07-29T09:20:47+00:00","article_modified_time":"2025-12-04T00:52:08+00:00","og_image":[{"width":1500,"height":843,"url":"https:\/\/www.interpadelmedia.com\/wp-content\/uploads\/2025\/07\/The-Padel-Travel-X_red.jpg","type":"image\/jpeg"}],"author":"IPMA","twitter_card":"summary_large_image","twitter_title":"IPMA suma a The Padel Travel X como nuevo colaborador","twitter_description":"La IPMA firma un acuerdo con The Padel Travel X para facilitar los viajes de medios y potenciar la cobertura internacional de torneos.","twitter_image":"https:\/\/www.interpadelmedia.com\/wp-content\/uploads\/2025\/07\/The-Padel-Travel-X_red.jpg","twitter_creator":"@InterPadelMedia","twitter_site":"@InterPadelMedia","twitter_misc":{"Written by":"IPMA","Est. reading time":"2 minutes"},"schema":{"@context":"https:\/\/schema.org","@graph":[{"@type":"Article","@id":"https:\/\/www.interpadelmedia.com\/en\/la-ipma-suma-a-the-padel-travel-x-como-nuevo-colaborador-para-impulsar-la-cobertura-de-torneos\/#article","isPartOf":{"@id":"https:\/\/www.interpadelmedia.com\/en\/la-ipma-suma-a-the-padel-travel-x-como-nuevo-colaborador-para-impulsar-la-cobertura-de-torneos\/"},"author":{"name":"IPMA","@id":"https:\/\/www.interpadelmedia.com\/en\/#\/schema\/person\/d3f689f77785de0e7417860bf0ae51f1"},"headline":"The IPMA adds The Padel Travel X as a new collaborator to promote tournament coverage","datePublished":"2025-07-29T09:20:47+00:00","dateModified":"2025-12-04T00:52:08+00:00","mainEntityOfPage":{"@id":"https:\/\/www.interpadelmedia.com\/en\/la-ipma-suma-a-the-padel-travel-x-como-nuevo-colaborador-para-impulsar-la-cobertura-de-torneos\/"},"wordCount":530,"publisher":{"@id":"https:\/\/www.interpadelmedia.com\/en\/#organization"},"image":{"@id":"https:\/\/www.interpadelmedia.com\/en\/la-ipma-suma-a-the-padel-travel-x-como-nuevo-colaborador-para-impulsar-la-cobertura-de-torneos\/#primaryimage"},"thumbnailUrl":"https:\/\/www.interpadelmedia.com\/wp-content\/uploads\/2025\/07\/The-Padel-Travel-X_red.jpg","articleSection":["Agreements","News"],"inLanguage":"en-US"},{"@type":"WebPage","@id":"https:\/\/www.interpadelmedia.com\/en\/la-ipma-suma-a-the-padel-travel-x-como-nuevo-colaborador-para-impulsar-la-cobertura-de-torneos\/","url":"https:\/\/www.interpadelmedia.com\/en\/la-ipma-suma-a-the-padel-travel-x-como-nuevo-colaborador-para-impulsar-la-cobertura-de-torneos\/","name":"IPMA suma a The Padel Travel X como nuevo colaborador","isPartOf":{"@id":"https:\/\/www.interpadelmedia.com\/en\/#website"},"primaryImageOfPage":{"@id":"https:\/\/www.interpadelmedia.com\/en\/la-ipma-suma-a-the-padel-travel-x-como-nuevo-colaborador-para-impulsar-la-cobertura-de-torneos\/#primaryimage"},"image":{"@id":"https:\/\/www.interpadelmedia.com\/en\/la-ipma-suma-a-the-padel-travel-x-como-nuevo-colaborador-para-impulsar-la-cobertura-de-torneos\/#primaryimage"},"thumbnailUrl":"https:\/\/www.interpadelmedia.com\/wp-content\/uploads\/2025\/07\/The-Padel-Travel-X_red.jpg","datePublished":"2025-07-29T09:20:47+00:00","dateModified":"2025-12-04T00:52:08+00:00","description":"La IPMA firma un acuerdo con The Padel Travel X para facilitar los viajes de medios y potenciar la cobertura internacional de torneos.","breadcrumb":{"@id":"https:\/\/www.interpadelmedia.com\/en\/la-ipma-suma-a-the-padel-travel-x-como-nuevo-colaborador-para-impulsar-la-cobertura-de-torneos\/#breadcrumb"},"inLanguage":"en-US","potentialAction":[{"@type":"ReadAction","target":["https:\/\/www.interpadelmedia.com\/en\/la-ipma-suma-a-the-padel-travel-x-como-nuevo-colaborador-para-impulsar-la-cobertura-de-torneos\/"]}]},{"@type":"ImageObject","inLanguage":"en-US","@id":"https:\/\/www.interpadelmedia.com\/en\/la-ipma-suma-a-the-padel-travel-x-como-nuevo-colaborador-para-impulsar-la-cobertura-de-torneos\/#primaryimage","url":"https:\/\/www.interpadelmedia.com\/wp-content\/uploads\/2025\/07\/The-Padel-Travel-X_red.jpg","contentUrl":"https:\/\/www.interpadelmedia.com\/wp-content\/uploads\/2025\/07\/The-Padel-Travel-X_red.jpg","width":1500,"height":843},{"@type":"BreadcrumbList","@id":"https:\/\/www.interpadelmedia.com\/en\/la-ipma-suma-a-the-padel-travel-x-como-nuevo-colaborador-para-impulsar-la-cobertura-de-torneos\/#breadcrumb","itemListElement":[{"@type":"ListItem","position":1,"name":"Portada","item":"https:\/\/www.interpadelmedia.com\/en\/"},{"@type":"ListItem","position":2,"name":"The IPMA adds The Padel Travel X as a new collaborator to promote tournament coverage"}]},{"@type":"WebSite","@id":"https:\/\/www.interpadelmedia.com\/en\/#website","url":"https:\/\/www.interpadelmedia.com\/en\/","name":"Asociaci\u00f3n Internacional de Medios de P\u00e1del","description":"El p\u00e1del une","publisher":{"@id":"https:\/\/www.interpadelmedia.com\/en\/#organization"},"alternateName":"International Padel Media Association","potentialAction":[{"@type":"SearchAction","target":{"@type":"EntryPoint","urlTemplate":"https:\/\/www.interpadelmedia.com\/en\/?s={search_term_string}"},"query-input":{"@type":"PropertyValueSpecification","valueRequired":true,"valueName":"search_term_string"}}],"inLanguage":"en-US"},{"@type":"Organization","@id":"https:\/\/www.interpadelmedia.com\/en\/#organization","name":"Asociaci\u00f3n Internacional de Medios de P\u00e1del","alternateName":"International Padel Media Association","url":"https:\/\/www.interpadelmedia.com\/en\/","logo":{"@type":"ImageObject","inLanguage":"en-US","@id":"https:\/\/www.interpadelmedia.com\/en\/#\/schema\/logo\/image\/","url":"https:\/\/www.interpadelmedia.com\/wp-content\/uploads\/2025\/06\/Logo_verde_1_1.png","contentUrl":"https:\/\/www.interpadelmedia.com\/wp-content\/uploads\/2025\/06\/Logo_verde_1_1.png","width":250,"height":250,"caption":"Asociaci\u00f3n Internacional de Medios de P\u00e1del"},"image":{"@id":"https:\/\/www.interpadelmedia.com\/en\/#\/schema\/logo\/image\/"},"sameAs":["https:\/\/www.facebook.com\/profile.php?id=61564675752871","https:\/\/x.com\/InterPadelMedia","https:\/\/www.instagram.com\/interpadelmedia\/","https:\/\/www.linkedin.com\/company\/asociacion-internacional-de-medios-de-padel\/posts\/?feedView=all"]},{"@type":"Person","@id":"https:\/\/www.interpadelmedia.com\/en\/#\/schema\/person\/d3f689f77785de0e7417860bf0ae51f1","name":"IPMA","image":{"@type":"ImageObject","inLanguage":"en-US","@id":"https:\/\/www.interpadelmedia.com\/en\/#\/schema\/person\/image\/","url":"https:\/\/secure.gravatar.com\/avatar\/94b1346d3af9583df301527ae35ff0139bded536474c024abdefdc3eabd27b6e?s=96&d=mm&r=g","contentUrl":"https:\/\/secure.gravatar.com\/avatar\/94b1346d3af9583df301527ae35ff0139bded536474c024abdefdc3eabd27b6e?s=96&d=mm&r=g","caption":"IPMA"},"sameAs":["https:\/\/www.interpadelmedia.com"]}]}},"_links":{"self":[{"href":"https:\/\/www.interpadelmedia.com\/en\/wp-json\/wp\/v2\/posts\/2295","targetHints":{"allow":["GET"]}}],"collection":[{"href":"https:\/\/www.interpadelmedia.com\/en\/wp-json\/wp\/v2\/posts"}],"about":[{"href":"https:\/\/www.interpadelmedia.com\/en\/wp-json\/wp\/v2\/types\/post"}],"author":[{"embeddable":true,"href":"https:\/\/www.interpadelmedia.com\/en\/wp-json\/wp\/v2\/users\/1"}],"replies":[{"embeddable":true,"href":"https:\/\/www.interpadelmedia.com\/en\/wp-json\/wp\/v2\/comments?post=2295"}],"version-history":[{"count":1,"href":"https:\/\/www.interpadelmedia.com\/en\/wp-json\/wp\/v2\/posts\/2295\/revisions"}],"predecessor-version":[{"id":2296,"href":"https:\/\/www.interpadelmedia.com\/en\/wp-json\/wp\/v2\/posts\/2295\/revisions\/2296"}],"wp:featuredmedia":[{"embeddable":true,"href":"https:\/\/www.interpadelmedia.com\/en\/wp-json\/wp\/v2\/media\/2293"}],"wp:attachment":[{"href":"https:\/\/www.interpadelmedia.com\/en\/wp-json\/wp\/v2\/media?parent=2295"}],"wp:term":[{"taxonomy":"category","embeddable":true,"href":"https:\/\/www.interpadelmedia.com\/en\/wp-json\/wp\/v2\/categories?post=2295"},{"taxonomy":"post_tag","embeddable":true,"href":"https:\/\/www.interpadelmedia.com\/en\/wp-json\/wp\/v2\/tags?post=2295"}],"curies":[{"name":"wp","href":"https:\/\/api.w.org\/{rel}","templated":true}]}}