{"id":2285,"date":"2025-11-20T17:49:40","date_gmt":"2025-11-20T16:49:40","guid":{"rendered":"https:\/\/www.interpadelmedia.com\/la-hexagon-cup-reune-a-sus-socios-fundadores-y-a-medios-de-comunicacion-en-un-encuentro-clave-para-el-futuro-del-torneo\/"},"modified":"2025-12-05T00:51:39","modified_gmt":"2025-12-04T23:51:39","slug":"the-hexagon-cup-brings-together-its-founding-partners-and-the-media-in-a-key-meeting-for-the-future-of-the-tournament","status":"publish","type":"post","link":"https:\/\/www.interpadelmedia.com\/en\/the-hexagon-cup-brings-together-its-founding-partners-and-the-media-in-a-key-meeting-for-the-future-of-the-tournament\/","title":{"rendered":"The Hexagon Cup brings together its founding partners and the media in a key meeting for the future of the tournament"},"content":{"rendered":"\n<p>The Hexagon Cup held an exclusive gathering on Wednesday, November 19, bringing together four of its founding partners and a wide representation of media outlets, including members of the IPMA Association.<\/p>\n\n\n\n<p>At an event hosted at Casa Club, Carlos Almaz\u00e1n, Ricardo de las Heras, Sergio Lewin and Jos\u00e9 Calvo-Sotelo met with more than 15 media outlets and content creators who wanted to be present to learn first-hand some of the upcoming developments for the next edition, which will mark the third year of the competition.<\/p>\n\n\n\n<p>These four founding partners offered a detailed perspective on the origins of the project, the progress achieved since its launch and the strategic roadmap that will drive the event\u2019s growth and consolidation in the coming years.<\/p>\n\n\n\n<h2 class=\"wp-block-heading\"><strong>A project born to transform padel<\/strong><\/h2>\n\n\n\n<p>The founders explained how the Hexagon Cup emerged from a shared desire to create a different kind of tournament, with an innovative format, strong global identity and a firm commitment to professionalization, competitive balance and the creation of new opportunities for teams and players. These elements are always centered around the players themselves, as reflected in their slogan: <em>\u201cFor the Fans. For the Players. For the Game.\u201d<\/em><\/p>\n\n\n\n<p>They highlighted the idea of \u201ca shared vision to create a world-class sporting spectacle that connects with new audiences and brings added value to the padel ecosystem,\u201d emphasizing that the project continues to evolve thanks to collaboration with investors, teams, players and international brands.<\/p>\n\n\n\n<h2 class=\"wp-block-heading\"><strong>Key topics from the meeting<\/strong><\/h2>\n\n\n\n<p>Throughout the session, several topics were discussed, including:<\/p>\n\n\n\n<p>\u2022 <strong>International expansion strategies<\/strong> and future host locations for the tournament.<\/p>\n\n\n\n<p>\u2022 <strong>Sports innovation models<\/strong>, including competitive formats, technological integration and audience experiences.<\/p>\n\n\n\n<p>\u2022 <strong>Audience growth<\/strong>, evolution of media interest and global projection of padel.<\/p>\n\n\n\n<p>\u2022 <strong>Tournament consolidation plan<\/strong> as one of the leading events on the annual sports calendar.<\/p>\n\n\n\n<h2 class=\"wp-block-heading\"><strong>Questions from the media: growth, consolidation and future vision<\/strong><\/h2>\n\n\n\n<p>Journalists in attendance raised questions focused on the tournament\u2019s growth pace, its positioning within the international circuit and the mechanisms to ensure its long-term continuity.<\/p>\n\n\n\n<p>Among the most prominent topics were:<\/p>\n\n\n\n<p>\u2022 The increase in participation and team performance.<\/p>\n\n\n\n<p>\u2022 The strategy to attract new audiences and expand into emerging markets.<\/p>\n\n\n\n<p>\u2022 The project\u2019s economic sustainability.<\/p>\n\n\n\n<p>\u2022 The reception of the tournament format among professional and amateur players.<\/p>\n\n\n\n<p>\u2022 Development plans and ambitions for the coming years.<\/p>\n\n\n\n<p>The founders reiterated the \u201corganic and solid growth\u201d the event is experiencing, as well as the importance of maintaining a distinctive identity based on innovation and fan experience.<\/p>\n\n\n\n<h2 class=\"wp-block-heading\"><strong>An event looking to the future<\/strong><\/h2>\n\n\n\n<p>The meeting concluded with a renewed commitment from the founding partners to continue driving the Hexagon Cup as a global, competitive tournament with a transformative impact on padel.<\/p>\n","protected":false},"excerpt":{"rendered":"<p>The Hexagon Cup brought together its founding partners and numerous media outlets to present updates, strategic vision, international expansion, and the future consolidation plan of the tournament.<\/p>\n","protected":false},"author":2,"featured_media":2283,"comment_status":"closed","ping_status":"closed","sticky":false,"template":"","format":"standard","meta":{"footnotes":""},"categories":[1],"tags":[],"class_list":["post-2285","post","type-post","status-publish","format-standard","has-post-thumbnail","hentry","category-news"],"yoast_head":"<!-- This site is optimized with the Yoast SEO plugin v26.5 - https:\/\/yoast.com\/wordpress\/plugins\/seo\/ -->\n<title>The Hexagon Cup brings together its founding partners and the media in a strategic meeting for the future of the tournament.<\/title>\n<meta name=\"description\" content=\"The Hexagon Cup held an exclusive meeting with founding partners and media to present the latest updates, international expansion, and the tournament&#039;s strategic plan.\" \/>\n<meta name=\"robots\" content=\"index, follow, max-snippet:-1, max-image-preview:large, max-video-preview:-1\" \/>\n<link rel=\"canonical\" href=\"https:\/\/www.interpadelmedia.com\/en\/the-hexagon-cup-brings-together-its-founding-partners-and-the-media-in-a-key-meeting-for-the-future-of-the-tournament\/\" \/>\n<meta property=\"og:locale\" content=\"en_US\" \/>\n<meta property=\"og:type\" content=\"article\" \/>\n<meta property=\"og:title\" content=\"A key meeting shapes the future of the Hexagon Cup\" \/>\n<meta property=\"og:description\" content=\"The founding partners of the Hexagon Cup shared with the media their roadmap, updates for the upcoming edition, and the expansion plan that will drive the tournament&#039;s global growth.\" \/>\n<meta property=\"og:url\" content=\"https:\/\/www.interpadelmedia.com\/en\/the-hexagon-cup-brings-together-its-founding-partners-and-the-media-in-a-key-meeting-for-the-future-of-the-tournament\/\" \/>\n<meta property=\"og:site_name\" content=\"International Padel Media Association (IPMA)\" \/>\n<meta property=\"article:publisher\" content=\"https:\/\/www.facebook.com\/profile.php?id=61564675752871\" \/>\n<meta property=\"article:published_time\" content=\"2025-11-20T16:49:40+00:00\" \/>\n<meta property=\"article:modified_time\" content=\"2025-12-04T23:51:39+00:00\" \/>\n<meta property=\"og:image\" content=\"https:\/\/www.interpadelmedia.com\/wp-content\/uploads\/2025\/11\/hexagon-2025-fotoweb.jpg\" \/>\n\t<meta property=\"og:image:width\" content=\"2083\" \/>\n\t<meta property=\"og:image:height\" content=\"1263\" \/>\n\t<meta property=\"og:image:type\" content=\"image\/jpeg\" \/>\n<meta name=\"author\" content=\"Iv\u00e1n Hern\u00e1ndez\" \/>\n<meta name=\"twitter:card\" content=\"summary_large_image\" \/>\n<meta name=\"twitter:title\" content=\"A key meeting shapes the future of the Hexagon Cup\" \/>\n<meta name=\"twitter:description\" content=\"The founding partners of the Hexagon Cup shared with the media their roadmap, updates for the upcoming edition, and the expansion plan that will drive the tournament&#039;s global growth.\" \/>\n<meta name=\"twitter:image\" content=\"https:\/\/www.interpadelmedia.com\/wp-content\/uploads\/2025\/11\/hexagon-2025-fotoweb.jpg\" \/>\n<meta name=\"twitter:creator\" content=\"@InterPadelMedia\" \/>\n<meta name=\"twitter:site\" content=\"@InterPadelMedia\" \/>\n<meta name=\"twitter:label1\" content=\"Written by\" \/>\n\t<meta name=\"twitter:data1\" content=\"Iv\u00e1n Hern\u00e1ndez\" \/>\n\t<meta name=\"twitter:label2\" content=\"Est. reading time\" \/>\n\t<meta name=\"twitter:data2\" content=\"3 minutes\" \/>\n<script type=\"application\/ld+json\" class=\"yoast-schema-graph\">{\"@context\":\"https:\/\/schema.org\",\"@graph\":[{\"@type\":\"Article\",\"@id\":\"https:\/\/www.interpadelmedia.com\/en\/the-hexagon-cup-brings-together-its-founding-partners-and-the-media-in-a-key-meeting-for-the-future-of-the-tournament\/#article\",\"isPartOf\":{\"@id\":\"https:\/\/www.interpadelmedia.com\/en\/the-hexagon-cup-brings-together-its-founding-partners-and-the-media-in-a-key-meeting-for-the-future-of-the-tournament\/\"},\"author\":{\"name\":\"Iv\u00e1n Hern\u00e1ndez\",\"@id\":\"https:\/\/www.interpadelmedia.com\/en\/#\/schema\/person\/502cbc75e2b9e89f3d1a72ff9d25b780\"},\"headline\":\"The Hexagon Cup brings together its founding partners and the media in a key meeting for the future of the tournament\",\"datePublished\":\"2025-11-20T16:49:40+00:00\",\"dateModified\":\"2025-12-04T23:51:39+00:00\",\"mainEntityOfPage\":{\"@id\":\"https:\/\/www.interpadelmedia.com\/en\/the-hexagon-cup-brings-together-its-founding-partners-and-the-media-in-a-key-meeting-for-the-future-of-the-tournament\/\"},\"wordCount\":463,\"publisher\":{\"@id\":\"https:\/\/www.interpadelmedia.com\/en\/#organization\"},\"image\":{\"@id\":\"https:\/\/www.interpadelmedia.com\/en\/the-hexagon-cup-brings-together-its-founding-partners-and-the-media-in-a-key-meeting-for-the-future-of-the-tournament\/#primaryimage\"},\"thumbnailUrl\":\"https:\/\/www.interpadelmedia.com\/wp-content\/uploads\/2025\/11\/hexagon-2025-fotoweb.jpg\",\"articleSection\":[\"News\"],\"inLanguage\":\"en-US\"},{\"@type\":\"WebPage\",\"@id\":\"https:\/\/www.interpadelmedia.com\/en\/the-hexagon-cup-brings-together-its-founding-partners-and-the-media-in-a-key-meeting-for-the-future-of-the-tournament\/\",\"url\":\"https:\/\/www.interpadelmedia.com\/en\/the-hexagon-cup-brings-together-its-founding-partners-and-the-media-in-a-key-meeting-for-the-future-of-the-tournament\/\",\"name\":\"The Hexagon Cup brings together its founding partners and the media in a strategic meeting for the future of the tournament.\",\"isPartOf\":{\"@id\":\"https:\/\/www.interpadelmedia.com\/en\/#website\"},\"primaryImageOfPage\":{\"@id\":\"https:\/\/www.interpadelmedia.com\/en\/the-hexagon-cup-brings-together-its-founding-partners-and-the-media-in-a-key-meeting-for-the-future-of-the-tournament\/#primaryimage\"},\"image\":{\"@id\":\"https:\/\/www.interpadelmedia.com\/en\/the-hexagon-cup-brings-together-its-founding-partners-and-the-media-in-a-key-meeting-for-the-future-of-the-tournament\/#primaryimage\"},\"thumbnailUrl\":\"https:\/\/www.interpadelmedia.com\/wp-content\/uploads\/2025\/11\/hexagon-2025-fotoweb.jpg\",\"datePublished\":\"2025-11-20T16:49:40+00:00\",\"dateModified\":\"2025-12-04T23:51:39+00:00\",\"description\":\"The Hexagon Cup held an exclusive meeting with founding partners and media to present the latest updates, international expansion, and the tournament's strategic plan.\",\"breadcrumb\":{\"@id\":\"https:\/\/www.interpadelmedia.com\/en\/the-hexagon-cup-brings-together-its-founding-partners-and-the-media-in-a-key-meeting-for-the-future-of-the-tournament\/#breadcrumb\"},\"inLanguage\":\"en-US\",\"potentialAction\":[{\"@type\":\"ReadAction\",\"target\":[\"https:\/\/www.interpadelmedia.com\/en\/the-hexagon-cup-brings-together-its-founding-partners-and-the-media-in-a-key-meeting-for-the-future-of-the-tournament\/\"]}]},{\"@type\":\"ImageObject\",\"inLanguage\":\"en-US\",\"@id\":\"https:\/\/www.interpadelmedia.com\/en\/the-hexagon-cup-brings-together-its-founding-partners-and-the-media-in-a-key-meeting-for-the-future-of-the-tournament\/#primaryimage\",\"url\":\"https:\/\/www.interpadelmedia.com\/wp-content\/uploads\/2025\/11\/hexagon-2025-fotoweb.jpg\",\"contentUrl\":\"https:\/\/www.interpadelmedia.com\/wp-content\/uploads\/2025\/11\/hexagon-2025-fotoweb.jpg\",\"width\":2083,\"height\":1263},{\"@type\":\"BreadcrumbList\",\"@id\":\"https:\/\/www.interpadelmedia.com\/en\/the-hexagon-cup-brings-together-its-founding-partners-and-the-media-in-a-key-meeting-for-the-future-of-the-tournament\/#breadcrumb\",\"itemListElement\":[{\"@type\":\"ListItem\",\"position\":1,\"name\":\"Portada\",\"item\":\"https:\/\/www.interpadelmedia.com\/en\/\"},{\"@type\":\"ListItem\",\"position\":2,\"name\":\"The Hexagon Cup brings together its founding partners and the media in a key meeting for the future of the tournament\"}]},{\"@type\":\"WebSite\",\"@id\":\"https:\/\/www.interpadelmedia.com\/en\/#website\",\"url\":\"https:\/\/www.interpadelmedia.com\/en\/\",\"name\":\"Asociaci\u00f3n Internacional de Medios de P\u00e1del\",\"description\":\"El p\u00e1del une\",\"publisher\":{\"@id\":\"https:\/\/www.interpadelmedia.com\/en\/#organization\"},\"alternateName\":\"International Padel Media Association\",\"potentialAction\":[{\"@type\":\"SearchAction\",\"target\":{\"@type\":\"EntryPoint\",\"urlTemplate\":\"https:\/\/www.interpadelmedia.com\/en\/?s={search_term_string}\"},\"query-input\":{\"@type\":\"PropertyValueSpecification\",\"valueRequired\":true,\"valueName\":\"search_term_string\"}}],\"inLanguage\":\"en-US\"},{\"@type\":\"Organization\",\"@id\":\"https:\/\/www.interpadelmedia.com\/en\/#organization\",\"name\":\"Asociaci\u00f3n Internacional de Medios de P\u00e1del\",\"alternateName\":\"International Padel Media Association\",\"url\":\"https:\/\/www.interpadelmedia.com\/en\/\",\"logo\":{\"@type\":\"ImageObject\",\"inLanguage\":\"en-US\",\"@id\":\"https:\/\/www.interpadelmedia.com\/en\/#\/schema\/logo\/image\/\",\"url\":\"https:\/\/www.interpadelmedia.com\/wp-content\/uploads\/2025\/06\/Logo_verde_1_1.png\",\"contentUrl\":\"https:\/\/www.interpadelmedia.com\/wp-content\/uploads\/2025\/06\/Logo_verde_1_1.png\",\"width\":250,\"height\":250,\"caption\":\"Asociaci\u00f3n Internacional de Medios de P\u00e1del\"},\"image\":{\"@id\":\"https:\/\/www.interpadelmedia.com\/en\/#\/schema\/logo\/image\/\"},\"sameAs\":[\"https:\/\/www.facebook.com\/profile.php?id=61564675752871\",\"https:\/\/x.com\/InterPadelMedia\",\"https:\/\/www.instagram.com\/interpadelmedia\/\",\"https:\/\/www.linkedin.com\/company\/asociacion-internacional-de-medios-de-padel\/posts\/?feedView=all\"]},{\"@type\":\"Person\",\"@id\":\"https:\/\/www.interpadelmedia.com\/en\/#\/schema\/person\/502cbc75e2b9e89f3d1a72ff9d25b780\",\"name\":\"Iv\u00e1n Hern\u00e1ndez\",\"image\":{\"@type\":\"ImageObject\",\"inLanguage\":\"en-US\",\"@id\":\"https:\/\/www.interpadelmedia.com\/en\/#\/schema\/person\/image\/\",\"url\":\"https:\/\/secure.gravatar.com\/avatar\/6174e34f1a6d0d33c4e5ce65a3012cf6322775297114f2d698da6b4576af20bd?s=96&d=mm&r=g\",\"contentUrl\":\"https:\/\/secure.gravatar.com\/avatar\/6174e34f1a6d0d33c4e5ce65a3012cf6322775297114f2d698da6b4576af20bd?s=96&d=mm&r=g\",\"caption\":\"Iv\u00e1n Hern\u00e1ndez\"}}]}<\/script>\n<!-- \/ Yoast SEO plugin. -->","yoast_head_json":{"title":"The Hexagon Cup brings together its founding partners and the media in a strategic meeting for the future of the tournament.","description":"The Hexagon Cup held an exclusive meeting with founding partners and media to present the latest updates, international expansion, and the tournament's strategic plan.","robots":{"index":"index","follow":"follow","max-snippet":"max-snippet:-1","max-image-preview":"max-image-preview:large","max-video-preview":"max-video-preview:-1"},"canonical":"https:\/\/www.interpadelmedia.com\/en\/the-hexagon-cup-brings-together-its-founding-partners-and-the-media-in-a-key-meeting-for-the-future-of-the-tournament\/","og_locale":"en_US","og_type":"article","og_title":"A key meeting shapes the future of the Hexagon Cup","og_description":"The founding partners of the Hexagon Cup shared with the media their roadmap, updates for the upcoming edition, and the expansion plan that will drive the tournament's global growth.","og_url":"https:\/\/www.interpadelmedia.com\/en\/the-hexagon-cup-brings-together-its-founding-partners-and-the-media-in-a-key-meeting-for-the-future-of-the-tournament\/","og_site_name":"International Padel Media Association (IPMA)","article_publisher":"https:\/\/www.facebook.com\/profile.php?id=61564675752871","article_published_time":"2025-11-20T16:49:40+00:00","article_modified_time":"2025-12-04T23:51:39+00:00","og_image":[{"width":2083,"height":1263,"url":"https:\/\/www.interpadelmedia.com\/wp-content\/uploads\/2025\/11\/hexagon-2025-fotoweb.jpg","type":"image\/jpeg"}],"author":"Iv\u00e1n Hern\u00e1ndez","twitter_card":"summary_large_image","twitter_title":"A key meeting shapes the future of the Hexagon Cup","twitter_description":"The founding partners of the Hexagon Cup shared with the media their roadmap, updates for the upcoming edition, and the expansion plan that will drive the tournament's global growth.","twitter_image":"https:\/\/www.interpadelmedia.com\/wp-content\/uploads\/2025\/11\/hexagon-2025-fotoweb.jpg","twitter_creator":"@InterPadelMedia","twitter_site":"@InterPadelMedia","twitter_misc":{"Written by":"Iv\u00e1n Hern\u00e1ndez","Est. reading time":"3 minutes"},"schema":{"@context":"https:\/\/schema.org","@graph":[{"@type":"Article","@id":"https:\/\/www.interpadelmedia.com\/en\/the-hexagon-cup-brings-together-its-founding-partners-and-the-media-in-a-key-meeting-for-the-future-of-the-tournament\/#article","isPartOf":{"@id":"https:\/\/www.interpadelmedia.com\/en\/the-hexagon-cup-brings-together-its-founding-partners-and-the-media-in-a-key-meeting-for-the-future-of-the-tournament\/"},"author":{"name":"Iv\u00e1n Hern\u00e1ndez","@id":"https:\/\/www.interpadelmedia.com\/en\/#\/schema\/person\/502cbc75e2b9e89f3d1a72ff9d25b780"},"headline":"The Hexagon Cup brings together its founding partners and the media in a key meeting for the future of the tournament","datePublished":"2025-11-20T16:49:40+00:00","dateModified":"2025-12-04T23:51:39+00:00","mainEntityOfPage":{"@id":"https:\/\/www.interpadelmedia.com\/en\/the-hexagon-cup-brings-together-its-founding-partners-and-the-media-in-a-key-meeting-for-the-future-of-the-tournament\/"},"wordCount":463,"publisher":{"@id":"https:\/\/www.interpadelmedia.com\/en\/#organization"},"image":{"@id":"https:\/\/www.interpadelmedia.com\/en\/the-hexagon-cup-brings-together-its-founding-partners-and-the-media-in-a-key-meeting-for-the-future-of-the-tournament\/#primaryimage"},"thumbnailUrl":"https:\/\/www.interpadelmedia.com\/wp-content\/uploads\/2025\/11\/hexagon-2025-fotoweb.jpg","articleSection":["News"],"inLanguage":"en-US"},{"@type":"WebPage","@id":"https:\/\/www.interpadelmedia.com\/en\/the-hexagon-cup-brings-together-its-founding-partners-and-the-media-in-a-key-meeting-for-the-future-of-the-tournament\/","url":"https:\/\/www.interpadelmedia.com\/en\/the-hexagon-cup-brings-together-its-founding-partners-and-the-media-in-a-key-meeting-for-the-future-of-the-tournament\/","name":"The Hexagon Cup brings together its founding partners and the media in a strategic meeting for the future of the tournament.","isPartOf":{"@id":"https:\/\/www.interpadelmedia.com\/en\/#website"},"primaryImageOfPage":{"@id":"https:\/\/www.interpadelmedia.com\/en\/the-hexagon-cup-brings-together-its-founding-partners-and-the-media-in-a-key-meeting-for-the-future-of-the-tournament\/#primaryimage"},"image":{"@id":"https:\/\/www.interpadelmedia.com\/en\/the-hexagon-cup-brings-together-its-founding-partners-and-the-media-in-a-key-meeting-for-the-future-of-the-tournament\/#primaryimage"},"thumbnailUrl":"https:\/\/www.interpadelmedia.com\/wp-content\/uploads\/2025\/11\/hexagon-2025-fotoweb.jpg","datePublished":"2025-11-20T16:49:40+00:00","dateModified":"2025-12-04T23:51:39+00:00","description":"The Hexagon Cup held an exclusive meeting with founding partners and media to present the latest updates, international expansion, and the tournament's strategic plan.","breadcrumb":{"@id":"https:\/\/www.interpadelmedia.com\/en\/the-hexagon-cup-brings-together-its-founding-partners-and-the-media-in-a-key-meeting-for-the-future-of-the-tournament\/#breadcrumb"},"inLanguage":"en-US","potentialAction":[{"@type":"ReadAction","target":["https:\/\/www.interpadelmedia.com\/en\/the-hexagon-cup-brings-together-its-founding-partners-and-the-media-in-a-key-meeting-for-the-future-of-the-tournament\/"]}]},{"@type":"ImageObject","inLanguage":"en-US","@id":"https:\/\/www.interpadelmedia.com\/en\/the-hexagon-cup-brings-together-its-founding-partners-and-the-media-in-a-key-meeting-for-the-future-of-the-tournament\/#primaryimage","url":"https:\/\/www.interpadelmedia.com\/wp-content\/uploads\/2025\/11\/hexagon-2025-fotoweb.jpg","contentUrl":"https:\/\/www.interpadelmedia.com\/wp-content\/uploads\/2025\/11\/hexagon-2025-fotoweb.jpg","width":2083,"height":1263},{"@type":"BreadcrumbList","@id":"https:\/\/www.interpadelmedia.com\/en\/the-hexagon-cup-brings-together-its-founding-partners-and-the-media-in-a-key-meeting-for-the-future-of-the-tournament\/#breadcrumb","itemListElement":[{"@type":"ListItem","position":1,"name":"Portada","item":"https:\/\/www.interpadelmedia.com\/en\/"},{"@type":"ListItem","position":2,"name":"The Hexagon Cup brings together its founding partners and the media in a key meeting for the future of the tournament"}]},{"@type":"WebSite","@id":"https:\/\/www.interpadelmedia.com\/en\/#website","url":"https:\/\/www.interpadelmedia.com\/en\/","name":"Asociaci\u00f3n Internacional de Medios de P\u00e1del","description":"El p\u00e1del une","publisher":{"@id":"https:\/\/www.interpadelmedia.com\/en\/#organization"},"alternateName":"International Padel Media Association","potentialAction":[{"@type":"SearchAction","target":{"@type":"EntryPoint","urlTemplate":"https:\/\/www.interpadelmedia.com\/en\/?s={search_term_string}"},"query-input":{"@type":"PropertyValueSpecification","valueRequired":true,"valueName":"search_term_string"}}],"inLanguage":"en-US"},{"@type":"Organization","@id":"https:\/\/www.interpadelmedia.com\/en\/#organization","name":"Asociaci\u00f3n Internacional de Medios de P\u00e1del","alternateName":"International Padel Media Association","url":"https:\/\/www.interpadelmedia.com\/en\/","logo":{"@type":"ImageObject","inLanguage":"en-US","@id":"https:\/\/www.interpadelmedia.com\/en\/#\/schema\/logo\/image\/","url":"https:\/\/www.interpadelmedia.com\/wp-content\/uploads\/2025\/06\/Logo_verde_1_1.png","contentUrl":"https:\/\/www.interpadelmedia.com\/wp-content\/uploads\/2025\/06\/Logo_verde_1_1.png","width":250,"height":250,"caption":"Asociaci\u00f3n Internacional de Medios de P\u00e1del"},"image":{"@id":"https:\/\/www.interpadelmedia.com\/en\/#\/schema\/logo\/image\/"},"sameAs":["https:\/\/www.facebook.com\/profile.php?id=61564675752871","https:\/\/x.com\/InterPadelMedia","https:\/\/www.instagram.com\/interpadelmedia\/","https:\/\/www.linkedin.com\/company\/asociacion-internacional-de-medios-de-padel\/posts\/?feedView=all"]},{"@type":"Person","@id":"https:\/\/www.interpadelmedia.com\/en\/#\/schema\/person\/502cbc75e2b9e89f3d1a72ff9d25b780","name":"Iv\u00e1n Hern\u00e1ndez","image":{"@type":"ImageObject","inLanguage":"en-US","@id":"https:\/\/www.interpadelmedia.com\/en\/#\/schema\/person\/image\/","url":"https:\/\/secure.gravatar.com\/avatar\/6174e34f1a6d0d33c4e5ce65a3012cf6322775297114f2d698da6b4576af20bd?s=96&d=mm&r=g","contentUrl":"https:\/\/secure.gravatar.com\/avatar\/6174e34f1a6d0d33c4e5ce65a3012cf6322775297114f2d698da6b4576af20bd?s=96&d=mm&r=g","caption":"Iv\u00e1n Hern\u00e1ndez"}}]}},"_links":{"self":[{"href":"https:\/\/www.interpadelmedia.com\/en\/wp-json\/wp\/v2\/posts\/2285","targetHints":{"allow":["GET"]}}],"collection":[{"href":"https:\/\/www.interpadelmedia.com\/en\/wp-json\/wp\/v2\/posts"}],"about":[{"href":"https:\/\/www.interpadelmedia.com\/en\/wp-json\/wp\/v2\/types\/post"}],"author":[{"embeddable":true,"href":"https:\/\/www.interpadelmedia.com\/en\/wp-json\/wp\/v2\/users\/2"}],"replies":[{"embeddable":true,"href":"https:\/\/www.interpadelmedia.com\/en\/wp-json\/wp\/v2\/comments?post=2285"}],"version-history":[{"count":3,"href":"https:\/\/www.interpadelmedia.com\/en\/wp-json\/wp\/v2\/posts\/2285\/revisions"}],"predecessor-version":[{"id":2508,"href":"https:\/\/www.interpadelmedia.com\/en\/wp-json\/wp\/v2\/posts\/2285\/revisions\/2508"}],"wp:featuredmedia":[{"embeddable":true,"href":"https:\/\/www.interpadelmedia.com\/en\/wp-json\/wp\/v2\/media\/2283"}],"wp:attachment":[{"href":"https:\/\/www.interpadelmedia.com\/en\/wp-json\/wp\/v2\/media?parent=2285"}],"wp:term":[{"taxonomy":"category","embeddable":true,"href":"https:\/\/www.interpadelmedia.com\/en\/wp-json\/wp\/v2\/categories?post=2285"},{"taxonomy":"post_tag","embeddable":true,"href":"https:\/\/www.interpadelmedia.com\/en\/wp-json\/wp\/v2\/tags?post=2285"}],"curies":[{"name":"wp","href":"https:\/\/api.w.org\/{rel}","templated":true}]}}